{"id":339009,"date":"2015-12-01T19:20:42","date_gmt":"2015-12-02T01:20:42","guid":{"rendered":"http:\/\/futboltotal.com.mx\/?p=339009"},"modified":"2015-12-01T19:20:42","modified_gmt":"2015-12-02T01:20:42","slug":"nacho-ambriz-vive-su-primera-semifinal","status":"publish","type":"post","link":"http:\/\/desarrollo.grupomedios.com\/futbol\/futbol-mexicano\/nacho-ambriz-vive-su-primera-semifinal\/2015\/12","title":{"rendered":"Nacho Ambriz vive su primera Semifinal"},"content":{"rendered":"<p>Su etapa como t\u00e9cnico del <strong>Am\u00e9rica<\/strong> inici\u00f3 de manera dif\u00edcil, con\u00a0m\u00faltiples cr\u00edticas ante\u00a0sus pocos, y no tan buenos,\u00a0n\u00fameros. A pesar de ello, <strong>Ignacio Ambriz<\/strong> dorm\u00eda tranquilo, sab\u00eda que los resultados se dar\u00edan pronto. Ahora, ya ha instalado\u00a0a las <em>\u00c1guilas<\/em> en las semifinales del <strong>Apertura 2015<\/strong>, lo que adem\u00e1s tambi\u00e9n representa un logro personal: <em>Nacho<\/em>\u00a0ha conseguido acceder a dicha instancia por primera vez en su carrera.<\/p>\n<p>En su etapa como\u00a0t\u00e9cnico del San Luis y del Quer\u00e9taro, <em>Nacho<\/em> <strong>Ambriz<\/strong> solo alcanz\u00f3\u00a0los Cuartos de Final;\u00a0con los <em>Tuneros<\/em>, en el Apertura 2010, curiosamente cay\u00f3 ante el <strong>Am\u00e9rica<\/strong>, y con los <em>Gallos<\/em>, en el Apertura 2013 fue vencido por\u00a0Santos. Dirigiendo al Puebla y a Chivas no tuvo\u00a0algo destacado que contar.<\/p>\n<p style=\"text-align: center;\"><strong><span style=\"color: #3366ff;\"><a style=\"color: #3366ff;\" href=\"http:\/\/futboltotal.com.mx\/2015\/05\/presentan-a-nacho-ambriz-como-dt-del-america\/\">LEER M\u00c1S:\u00a0Presentan a Nacho Ambriz como DT del Am\u00e9rica<\/a><\/span><\/strong><\/p>\n<p><span style=\"color: #ff0000;\">Primera oportunidad<\/span> | En aquel segundo semestre del 2010, San Luis\u00a0logr\u00f3 acceder, de la mano de <strong>Ambriz<\/strong>,\u00a0a la liguilla, situaci\u00f3n que el equipo\u00a0no lograba desde el Apertura 2008, donde termin\u00f3 como l\u00edder general de la competencia, y donde fue eliminado por Santos en Cuartos de Final.<\/p>\n<p>A pesar de ser el equipo con m\u00e1s derrotas entre los invitados (7 ca\u00eddas),\u00a0se logr\u00f3 instaurar en el sexto lugar de la tabla general, por lo que tendr\u00eda que enfrentar al Am\u00e9rica en la serie de los ocho grandes. Lamentablemente para la causa de <em>Nacho<\/em> <strong>Ambriz<\/strong>, el conjunto capitalino, dirigido por Manuel Lapuente,\u00a0se impuso por global de\u00a04-1 , elimin\u00e1ndolos de la competencia.<\/p>\n<p><iframe loading=\"lazy\" src=\"https:\/\/www.youtube.com\/embed\/1LGDQngTCsA?feature=oembed\" frameborder=\"0\" allowfullscreen><\/iframe><\/p>\n<p><span style=\"color: #ff0000;\">Segunda\u00a0oportunidad<\/span>\u00a0| En el Clausura 2013, Quer\u00e9taro\u00a0obtuvo su boleto a la liguilla como octavo lugar, pero el\u00a0descenso los elimin\u00f3 autom\u00e1ticamente.\u00a0Sin embargo,\u00a0en el Apertura 2013\u00a0lleg\u00f3\u00a0la revancha para los <em>Gallos<\/em> de\u00a0<em>Nacho<\/em>.<\/p>\n<p>Su calificaci\u00f3n como s\u00e9ptimo lugar de la tabla general lo oblig\u00f3 a eliminarse ante el conjunto de la Comarca, quienes hab\u00edan terminado en la segunda posici\u00f3n. Otra vez la fortuna le jug\u00f3 mal a <strong>Ignacio Ambriz<\/strong>: tras dos derrotas (2-3 y 3-1), endosada por los chicos de Pedro Caixinha,\u00a0el cuadro queretano\u00a0no pudo superar la primera fase de la liguilla.<\/p>\n<p><iframe loading=\"lazy\" src=\"https:\/\/www.youtube.com\/embed\/xU-A_Lz6AAE?feature=oembed\" frameborder=\"0\" allowfullscreen><\/iframe><\/p>\n<p>\u201cMe siento bien f\u00edsicamente, emocionalmente tambi\u00e9n, completo. En la parte laboral siento que he crecido como entrenador, agradezco a la gente de San Luis, de Puebla, de\u00a0Quer\u00e9taro y Chivas, de haberme preparado y haber aprendido cosas que hoy me permiten ser el entrenador del <strong>Am\u00e9rica<\/strong>, donde me siento tranquilo\u201d, dijo <em>Nacho<\/em> durante su presentaci\u00f3n como entrenador de las <em>\u00c1guilas<\/em>.<\/p>\n<p>El mismo <strong>Ignacio<\/strong>\u00a0<strong>Ambriz<\/strong> reconoci\u00f3 que fue un reto el tomar las riendas del conjunto de Coapa, sobre todo por la exigencia de la afici\u00f3n. Sin embargo, ha dejado en claro que est\u00e1 agradecido por las criticas, ya que le ayudaron a imponerse ante la adversidad.<\/p>\n<p style=\"text-align: center;\"><strong><span style=\"color: #3366ff;\"><a style=\"color: #3366ff;\" href=\"http:\/\/futboltotal.com.mx\/2015\/08\/ignacio-ambriz-igualaria-records-en-america\/\">LEER M\u00c1S:\u00a0Nacho Ambriz igualar\u00eda r\u00e9cords en Am\u00e9rica<\/a><\/span><\/strong><\/p>\n<p>\u201cEspero no se oiga mal, pero quiero agradecer a toda esa gente que de alguna u otra forma no estaba de acuerdo en que yo viniera, lo veo como algo normal, siempre a lo desconocido lo vamos midiendo; eso me fortaleci\u00f3, me ayud\u00f3 a formarme, soy de car\u00e1cter fuerte, pero eso me ayud\u00f3 a ese reto conmigo de poder demostrar toda la preparaci\u00f3n que he tenido\u201d, dijo.<\/p>\n<p><em>Nacho<\/em> <strong>Ambriz<\/strong> ya logr\u00f3 superar el tope que el destino le puso en un par de ocasiones, los Cuartos de Final. Ahora, ante los <strong>Pumas<\/strong>, veremos si el entrenador <em>azteca<\/em>\u00a0est\u00e1 a la altura de las circunstancias, y le da el pase a la final al <strong>Am\u00e9rica<\/strong>, su primera final en el futbol mexicano.<\/p>\n","protected":false},"excerpt":{"rendered":"<p>El t\u00e9cnico mexicano busca hacer historia con el Am\u00e9rica<\/p>\n","protected":false},"author":20,"featured_media":338991,"comment_status":"closed","ping_status":"closed","sticky":false,"template":"","format":"standard","meta":[],"categories":[2198,3845,5950],"tags":[5959,511,1046,1711],"_links":{"self":[{"href":"http:\/\/desarrollo.grupomedios.com\/futbol\/wp-json\/wp\/v2\/posts\/339009"}],"collection":[{"href":"http:\/\/desarrollo.grupomedios.com\/futbol\/wp-json\/wp\/v2\/posts"}],"about":[{"href":"http:\/\/desarrollo.grupomedios.com\/futbol\/wp-json\/wp\/v2\/types\/post"}],"author":[{"embeddable":true,"href":"http:\/\/desarrollo.grupomedios.com\/futbol\/wp-json\/wp\/v2\/users\/20"}],"replies":[{"embeddable":true,"href":"http:\/\/desarrollo.grupomedios.com\/futbol\/wp-json\/wp\/v2\/comments?post=339009"}],"version-history":[{"count":0,"href":"http:\/\/desarrollo.grupomedios.com\/futbol\/wp-json\/wp\/v2\/posts\/339009\/revisions"}],"wp:featuredmedia":[{"embeddable":true,"href":"http:\/\/desarrollo.grupomedios.com\/futbol\/wp-json\/wp\/v2\/media\/338991"}],"wp:attachment":[{"href":"http:\/\/desarrollo.grupomedios.com\/futbol\/wp-json\/wp\/v2\/media?parent=339009"}],"wp:term":[{"taxonomy":"category","embeddable":true,"href":"http:\/\/desarrollo.grupomedios.com\/futbol\/wp-json\/wp\/v2\/categories?post=339009"},{"taxonomy":"post_tag","embeddable":true,"href":"http:\/\/desarrollo.grupomedios.com\/futbol\/wp-json\/wp\/v2\/tags?post=339009"}],"curies":[{"name":"wp","href":"https:\/\/api.w.org\/{rel}","templated":true}]}}