{"id":339284,"date":"2015-12-02T16:42:12","date_gmt":"2015-12-02T22:42:12","guid":{"rendered":"http:\/\/futboltotal.com.mx\/?p=339284"},"modified":"2015-12-02T18:03:03","modified_gmt":"2015-12-03T00:03:03","slug":"herrera-y-tecatito-regresan-al-gol","status":"publish","type":"post","link":"http:\/\/desarrollo.grupomedios.com\/futbol\/destacado-home\/herrera-y-tecatito-regresan-al-gol\/2015\/12","title":{"rendered":"Mexicanos se roban la noche con Porto"},"content":{"rendered":"<p>Los mexicanos <strong>H\u00e9ctor Herrera<\/strong> , <strong>Jes\u00fas Manuel Corona y Miguel Lay\u00fan <\/strong>tuvieron una jornada memorable en Portugal. Fueron<strong>\u00a0<\/strong>titulares y claves en la goleada 0-4 al Union Madeira, cotejo pendiente por la J9 del campeonato local.<\/p>\n<p><em>HH<\/em> luci\u00f3 la banda de capit\u00e1n y se reencontr\u00f3 con el gol a pase de Miguel Lay\u00fan, quien luci\u00f3 una de sus mejores versiones y termin\u00f3 con un par de asistencias. Tecatito aderez\u00f3 la noche con una pincelada y marc\u00f3 un golazo para reanudar su romance con la red.<\/p>\n<p>El bajacaliforniano se encarg\u00f3 de inaugurar el tanteador al minuto 12, cuando el veracruzano Miguel Lay\u00fan sac\u00f3 centro preciso desde la banda izquierda y Herrera se elev\u00f3 para rematar de cabeza el esf\u00e9rico, el cual entr\u00f3 pegado al palo.<\/p>\n<p>De este modo, el ex jugador del Pachuca rompi\u00f3 el momento de tensi\u00f3n por el cual atravesaba, con una sensible reducci\u00f3n de minutos respecto de la campa\u00f1a pasada, en la que era inamovible de este cuadro dirigido por el espa\u00f1ol Julen Lopetegui.<\/p>\n<p>Tan s\u00f3lo dos minutos despu\u00e9s del festejo de <em>HH<\/em>, se uni\u00f3 a la fiesta <em>blanquiazul<\/em> el argelino Yacine Brahimi, para colocar el 2-0 que dejaba muy mal herida a la escuadra de la isla, la cual coquetea con la zona de descenso.<\/p>\n<p style=\"text-align: center;\"><span style=\"color: #3366ff;\"><a style=\"color: #3366ff;\" href=\"http:\/\/futboltotal.com.mx\/2015\/12\/centro-de-layun-gol-de-hector-herrera\/\"><strong>LEER M\u00c1S: Centro de Lay\u00fan&#8230;. \u00a1Gol de Herrera!<\/strong> <\/a><\/span><\/p>\n<p style=\"text-align: center;\"><a href=\"http:\/\/futboltotal.com.mx\/wp-content\/uploads\/2015\/12\/Herrera.jpg\"><img decoding=\"async\" loading=\"lazy\" class=\"alignnone size-full wp-image-339286\" src=\"http:\/\/futboltotal.com.mx\/wp-content\/uploads\/2015\/12\/Herrera.jpg\" alt=\"Herrera\" srcset=\"http:\/\/desarrollo.grupomedios.com\/futbol\/wp-content\/uploads\/2015\/12\/Herrera.jpg 820w, http:\/\/desarrollo.grupomedios.com\/futbol\/wp-content\/uploads\/2015\/12\/Herrera-300x196.jpg 300w\" sizes=\"(max-width: 820px) 100vw, 820px\" \/><\/a><\/p>\n<p>En ese mismo primer tiempo fat\u00eddico para los locales, al minuto 22, cay\u00f3 el 3-0 por conducto del \u201cTecatito\u201d, quien solt\u00f3 un riflazo casi pegado a la banda derecha, el cual cruz\u00f3 hasta el \u00e1ngulo contrario de la porter\u00eda custodiada por Andr\u00e9 Moreira.<\/p>\n<p>Con la tarea pr\u00e1cticamente finalizada antes del descanso, los <em>Dragones<\/em> bajaron a las revoluciones en el segundo tiempo y guardaron el \u00faltimo festejo de la tarde para el complemento, cortes\u00eda de Danilo Pereira al 90+1.<\/p>\n<p style=\"text-align: center;\"><strong><span style=\"color: #3366ff;\"><a style=\"color: #3366ff;\" href=\"http:\/\/futboltotal.com.mx\/2015\/12\/golazo-de-tecatito-con-el-porto\/\">LEER M\u00c1S: \u00a1Qu\u00e9 Bombazo de Tecatito Corona!<\/a><\/span><\/strong><\/p>\n<p style=\"text-align: center;\"><a href=\"http:\/\/futboltotal.com.mx\/wp-content\/uploads\/2015\/12\/Porto.jpg\"><img decoding=\"async\" loading=\"lazy\" class=\"alignnone size-full wp-image-339290\" src=\"http:\/\/futboltotal.com.mx\/wp-content\/uploads\/2015\/12\/Porto.jpg\" alt=\"Porto\" srcset=\"http:\/\/desarrollo.grupomedios.com\/futbol\/wp-content\/uploads\/2015\/12\/Porto.jpg 820w, http:\/\/desarrollo.grupomedios.com\/futbol\/wp-content\/uploads\/2015\/12\/Porto-300x196.jpg 300w\" sizes=\"(max-width: 820px) 100vw, 820px\" \/><\/a><\/p>\n<p>Adem\u00e1s de la ventaja que ten\u00edan, los portistas ya no hicieron m\u00e1s abultado el marcador por la expulsi\u00f3n del italiano Daniel Osvaldo al minuto 74 y a los ajustes efectuados por Lopetegui en la recta final del partido, incluida la salida del sonorense Corona (78).<\/p>\n<p>Este resultado le permite a Porto emparejarse con el resto de clubes en la clasificaci\u00f3n general en cuanto a compromisos jugados, ahora aparece en el segundo lugar con 27 puntos, dos menos que el mandam\u00e1s Sporting de Lisboa; mientras Madeira se qued\u00f3 rezagado con siete unidades y es antepen\u00faltimo, a\u00fan con un juego menos (frente a Benfica).<\/p>\n","protected":false},"excerpt":{"rendered":"<p>HH y Corona firman golazos; Lay\u00fan luci\u00f3 con dos asistencias en la goleada de los Dragones<\/p>\n","protected":false},"author":20,"featured_media":339294,"comment_status":"closed","ping_status":"closed","sticky":false,"template":"","format":"standard","meta":[],"categories":[5,3839,5951],"tags":[5995,4380,1208,3985],"_links":{"self":[{"href":"http:\/\/desarrollo.grupomedios.com\/futbol\/wp-json\/wp\/v2\/posts\/339284"}],"collection":[{"href":"http:\/\/desarrollo.grupomedios.com\/futbol\/wp-json\/wp\/v2\/posts"}],"about":[{"href":"http:\/\/desarrollo.grupomedios.com\/futbol\/wp-json\/wp\/v2\/types\/post"}],"author":[{"embeddable":true,"href":"http:\/\/desarrollo.grupomedios.com\/futbol\/wp-json\/wp\/v2\/users\/20"}],"replies":[{"embeddable":true,"href":"http:\/\/desarrollo.grupomedios.com\/futbol\/wp-json\/wp\/v2\/comments?post=339284"}],"version-history":[{"count":0,"href":"http:\/\/desarrollo.grupomedios.com\/futbol\/wp-json\/wp\/v2\/posts\/339284\/revisions"}],"wp:featuredmedia":[{"embeddable":true,"href":"http:\/\/desarrollo.grupomedios.com\/futbol\/wp-json\/wp\/v2\/media\/339294"}],"wp:attachment":[{"href":"http:\/\/desarrollo.grupomedios.com\/futbol\/wp-json\/wp\/v2\/media?parent=339284"}],"wp:term":[{"taxonomy":"category","embeddable":true,"href":"http:\/\/desarrollo.grupomedios.com\/futbol\/wp-json\/wp\/v2\/categories?post=339284"},{"taxonomy":"post_tag","embeddable":true,"href":"http:\/\/desarrollo.grupomedios.com\/futbol\/wp-json\/wp\/v2\/tags?post=339284"}],"curies":[{"name":"wp","href":"https:\/\/api.w.org\/{rel}","templated":true}]}}