{"id":339306,"date":"2015-12-02T18:29:08","date_gmt":"2015-12-03T00:29:08","guid":{"rendered":"http:\/\/futboltotal.com.mx\/?p=339306"},"modified":"2015-12-03T09:58:49","modified_gmt":"2015-12-03T15:58:49","slug":"memes-de-cheryshev-y-su-alineacion-con-el-real-madrid","status":"publish","type":"post","link":"http:\/\/desarrollo.grupomedios.com\/futbol\/futbol-internacional\/memes-de-cheryshev-y-su-alineacion-con-el-real-madrid\/2015\/12","title":{"rendered":"Memes de Cheryshev y el Real Madrid"},"content":{"rendered":"<p style=\"text-align: left;\">Tras la presunta alineaci\u00f3n indebida del <strong>Real Madrid<\/strong> en la Copa del Rey ante el C\u00e1diz, el mundo del futbol respondi\u00f3 con los acostumbrados <strong>memes<\/strong>, en los que se burlan de la situaci\u00f3n. Y es que el Madrid y Ben\u00edtez erraron tras colocar de titular a Cheryshev, pues acarreaba una sanci\u00f3n de la temporada pasada cuando acumul\u00f3 tres tarjetas amarillas (Real Sociedad, Getafe y el Barcelona) mientras militaba en el Villarreal. La acci\u00f3n tuvo efecto inmediato, mucho m\u00e1s porque Cheryshev marc\u00f3 gol apenas a los tres minutos dehaber iniciado el partido.<\/p>\n<p style=\"text-align: center;\"><strong><span style=\"color: #3366ff;\"><a style=\"color: #3366ff;\" href=\"http:\/\/futboltotal.com.mx\/2015\/12\/real-madrid-eliminado-por-alineacion-indebida\/\">LEER M\u00c1S: Real Madrid, \u00bfEliminado por alineaci\u00f3n indebida?<\/a><\/span><\/strong><\/p>\n<blockquote class=\"twitter-tweet\" width=\"500\">\n<p lang=\"es\" dir=\"ltr\">\u00bfC\u00f3mo que Cheryshev? Yo no conocer esa persona. Yo ser Choryshev. <a href=\"https:\/\/t.co\/P8JE6NbuJf\">pic.twitter.com\/P8JE6NbuJf<\/a><\/p>\n<p>&mdash; Froil\u00e1n I de Espa\u00f1a (@FroilLannister) <a href=\"https:\/\/twitter.com\/FroilLannister\/status\/672179785418850305\">December 2, 2015<\/a><\/p><\/blockquote>\n<p><script async src=\"\/\/platform.twitter.com\/widgets.js\" charset=\"utf-8\"><\/script><\/p>\n<blockquote class=\"twitter-tweet\" width=\"500\">\n<p lang=\"es\" dir=\"ltr\">\u00bfY si pongo a Ch\u00e9ryshev? Jijijiji <a href=\"https:\/\/t.co\/EZUDZfNrlJ\">pic.twitter.com\/EZUDZfNrlJ<\/a><\/p>\n<p>&mdash; Agente Craich (@ACraich) <a href=\"https:\/\/twitter.com\/ACraich\/status\/672178034972221444\">December 2, 2015<\/a><\/p><\/blockquote>\n<p><script async src=\"\/\/platform.twitter.com\/widgets.js\" charset=\"utf-8\"><\/script><\/p>\n<blockquote class=\"twitter-tweet\" width=\"500\">\n<p lang=\"es\" dir=\"ltr\">Benitez al enterarse que Cheryshev no pod\u00eda jugar <a href=\"https:\/\/t.co\/ImU7mgPKHk\">pic.twitter.com\/ImU7mgPKHk<\/a><\/p>\n<p>&mdash; Parecidos Razonables (@Semejantes) <a href=\"https:\/\/twitter.com\/Semejantes\/status\/672185603694436352\">December 2, 2015<\/a><\/p><\/blockquote>\n<p><script async src=\"\/\/platform.twitter.com\/widgets.js\" charset=\"utf-8\"><\/script><\/p>\n<blockquote class=\"twitter-tweet\" width=\"500\">\n<p lang=\"es\" dir=\"ltr\">Real Madrid en la Copa del Rey 15\/16. ? <a href=\"https:\/\/t.co\/euK8S6vjcs\">pic.twitter.com\/euK8S6vjcs<\/a><\/p>\n<p>&mdash; La Gambeta \u26bd\ufe0f (@LaGambetaDeOro) <a href=\"https:\/\/twitter.com\/LaGambetaDeOro\/status\/672179685216804864\">December 2, 2015<\/a><\/p><\/blockquote>\n<p><script async src=\"\/\/platform.twitter.com\/widgets.js\" charset=\"utf-8\"><\/script><\/p>\n<blockquote class=\"twitter-tweet\" width=\"500\">\n<p lang=\"es\" dir=\"ltr\">-Oye, que dicen en el twitter de que Cheryshev no puede jugar? <a href=\"https:\/\/twitter.com\/hashtag\/AnimoChendo?src=hash\">#AnimoChendo<\/a> <a href=\"https:\/\/t.co\/YHA5I0388J\">pic.twitter.com\/YHA5I0388J<\/a><\/p>\n<p>&mdash; Adri\u00e0 Albets (@AdriaAlbets) <a href=\"https:\/\/twitter.com\/AdriaAlbets\/status\/672176923083149313\">December 2, 2015<\/a><\/p><\/blockquote>\n<p><script async src=\"\/\/platform.twitter.com\/widgets.js\" charset=\"utf-8\"><\/script><\/p>\n<blockquote class=\"twitter-tweet\" width=\"500\">\n<p lang=\"es\" dir=\"ltr\">Cheryshev es un visionario. <a href=\"https:\/\/t.co\/45pmgrccxN\">pic.twitter.com\/45pmgrccxN<\/a><\/p>\n<p>&mdash; 10. (@UJr18) <a href=\"https:\/\/twitter.com\/UJr18\/status\/672176374770216961\">December 2, 2015<\/a><\/p><\/blockquote>\n<p><script async src=\"\/\/platform.twitter.com\/widgets.js\" charset=\"utf-8\"><\/script><\/p>\n<blockquote class=\"twitter-tweet\" width=\"500\">\n<p lang=\"es\" dir=\"ltr\">Rafa Ben\u00edtez con lo de Cheryshev. Descripci\u00f3n gr\u00e1fica. <a href=\"https:\/\/t.co\/hbvluaGJE1\">pic.twitter.com\/hbvluaGJE1<\/a><\/p>\n<p>&mdash; SR.VEGETAL (@mejorchef) <a href=\"https:\/\/twitter.com\/mejorchef\/status\/672175217058439168\">December 2, 2015<\/a><\/p><\/blockquote>\n<p><script async src=\"\/\/platform.twitter.com\/widgets.js\" charset=\"utf-8\"><\/script><\/p>\n<blockquote class=\"twitter-tweet\" width=\"500\">\n<p lang=\"es\" dir=\"ltr\">Rafa Ben\u00edtez quita a Cheryshev en el descanso, cuyo nombre real era Tipo de Inc\u00f3gnito. <a href=\"https:\/\/t.co\/6FEuavzDiU\">pic.twitter.com\/6FEuavzDiU<\/a><\/p>\n<p>&mdash; Andr\u00e9s Rublev (@AndresRublev) <a href=\"https:\/\/twitter.com\/AndresRublev\/status\/672174266767527936\">December 2, 2015<\/a><\/p><\/blockquote>\n<p><script async src=\"\/\/platform.twitter.com\/widgets.js\" charset=\"utf-8\"><\/script><\/p>\n<blockquote class=\"twitter-tweet\" width=\"500\">\n<p lang=\"es\" dir=\"ltr\">Benitez cuando se ha dado cuenta de la sancion a Cheryshev <a href=\"https:\/\/t.co\/pu3exdaE4d\">pic.twitter.com\/pu3exdaE4d<\/a><\/p>\n<p>&mdash; Divided we fall. (@Marcos_RM8) <a href=\"https:\/\/twitter.com\/Marcos_RM8\/status\/672170645992640514\">December 2, 2015<\/a><\/p><\/blockquote>\n<p><script async src=\"\/\/platform.twitter.com\/widgets.js\" charset=\"utf-8\"><\/script><\/p>\n","protected":false},"excerpt":{"rendered":"<p>El hispano-ruso acarreaba una sanci\u00f3n desde su etapa con el Villarreal<\/p>\n","protected":false},"author":20,"featured_media":339323,"comment_status":"closed","ping_status":"closed","sticky":false,"template":"","format":"standard","meta":[],"categories":[3839,3844,6409],"tags":[6548,4949,5988],"_links":{"self":[{"href":"http:\/\/desarrollo.grupomedios.com\/futbol\/wp-json\/wp\/v2\/posts\/339306"}],"collection":[{"href":"http:\/\/desarrollo.grupomedios.com\/futbol\/wp-json\/wp\/v2\/posts"}],"about":[{"href":"http:\/\/desarrollo.grupomedios.com\/futbol\/wp-json\/wp\/v2\/types\/post"}],"author":[{"embeddable":true,"href":"http:\/\/desarrollo.grupomedios.com\/futbol\/wp-json\/wp\/v2\/users\/20"}],"replies":[{"embeddable":true,"href":"http:\/\/desarrollo.grupomedios.com\/futbol\/wp-json\/wp\/v2\/comments?post=339306"}],"version-history":[{"count":0,"href":"http:\/\/desarrollo.grupomedios.com\/futbol\/wp-json\/wp\/v2\/posts\/339306\/revisions"}],"wp:featuredmedia":[{"embeddable":true,"href":"http:\/\/desarrollo.grupomedios.com\/futbol\/wp-json\/wp\/v2\/media\/339323"}],"wp:attachment":[{"href":"http:\/\/desarrollo.grupomedios.com\/futbol\/wp-json\/wp\/v2\/media?parent=339306"}],"wp:term":[{"taxonomy":"category","embeddable":true,"href":"http:\/\/desarrollo.grupomedios.com\/futbol\/wp-json\/wp\/v2\/categories?post=339306"},{"taxonomy":"post_tag","embeddable":true,"href":"http:\/\/desarrollo.grupomedios.com\/futbol\/wp-json\/wp\/v2\/tags?post=339306"}],"curies":[{"name":"wp","href":"https:\/\/api.w.org\/{rel}","templated":true}]}}