{"id":339338,"date":"2015-12-02T21:24:14","date_gmt":"2015-12-03T03:24:14","guid":{"rendered":"http:\/\/futboltotal.com.mx\/?p=339338"},"modified":"2015-12-03T12:34:38","modified_gmt":"2015-12-03T18:34:38","slug":"gustavo-matosas-muy-cerca-del-sao-paulo","status":"publish","type":"post","link":"http:\/\/desarrollo.grupomedios.com\/futbol\/futbol-mexicano\/gustavo-matosas-muy-cerca-del-sao-paulo\/2015\/12","title":{"rendered":"Gustavo Matosas, muy cerca del Sao Paulo"},"content":{"rendered":"<p>El director t\u00e9cnico uruguayo,<strong> Gustavo Matosas<\/strong>, ya tuvo acercamientos con el <strong>Sao Paulo<\/strong> y es al parecer, el nuevo estratega del conjunto brasile\u00f1o. As\u00ed lo indican los medios cariocas, que dan por hecho la llegada del ex entrenador del Atlas.<\/p>\n<p>Luego de haber pasado una mala campa\u00f1a con el Atlas, <strong>Gustavo Matosas<\/strong> decidi\u00f3 cambiar de aires, al mudarse de la <a href=\"htttp:\/\/www.futboltotal.com.mx\/futbol-mexicano\/\" target=\"_blank\">Liga M<\/a>X, al balompi\u00e9 brasile\u00f1o. El uruguayo, llenar\u00eda el hueco que Juan Carlos Osorio dej\u00f3 en Sao Paulo, quien decidi\u00f3 irse al tim\u00f3n de la <a href=\"htttp:\/\/www.futboltotal.com.mx\/futbol-mexicano\/seleccion-mexicana\/\" target=\"_blank\">Selecci\u00f3n Mexicana<\/a>.<\/p>\n<p><strong>Gustavo Matosas<\/strong> tiene cuatro a\u00f1os de no dirigir en Sudam\u00e9rica; la \u00faltima vez que lo hizo fue en su pa\u00eds, cuando tom\u00f3 las riendas del Danubio en 2010. A partir del 2011, el uruguayo comenz\u00f3 a trabajar en M\u00e9xico, con la <em>Fiera<\/em> en el Ascenso MX.<\/p>\n<p>El estratega <em>charr\u00faa<\/em> fue campe\u00f3n con Le\u00f3n y lo ascendi\u00f3 en 2012, ya en Liga MX, hizo bicampe\u00f3n a la <em>Fiera<\/em> al ganar el Apertura 2013 y el Clausura 2014. Enseguida, tom\u00f3 al Am\u00e9rica, al que hizo adjudicarse el t\u00edtulo de la Liga de Campeones de la Concacaf; finalmente, dirigi\u00f3 al Atlas en el Apertura 2015, donde no le fue muy bien, pues dej\u00f3 a los<em> rojinegros<\/em> sin liguilla.<\/p>\n","protected":false},"excerpt":{"rendered":"<p>El estratega ya habr\u00eda tenido pl\u00e1ticas con el club brasile\u00f1o<\/p>\n","protected":false},"author":20,"featured_media":339356,"comment_status":"closed","ping_status":"closed","sticky":false,"template":"","format":"standard","meta":[],"categories":[3839,2198],"tags":[93],"_links":{"self":[{"href":"http:\/\/desarrollo.grupomedios.com\/futbol\/wp-json\/wp\/v2\/posts\/339338"}],"collection":[{"href":"http:\/\/desarrollo.grupomedios.com\/futbol\/wp-json\/wp\/v2\/posts"}],"about":[{"href":"http:\/\/desarrollo.grupomedios.com\/futbol\/wp-json\/wp\/v2\/types\/post"}],"author":[{"embeddable":true,"href":"http:\/\/desarrollo.grupomedios.com\/futbol\/wp-json\/wp\/v2\/users\/20"}],"replies":[{"embeddable":true,"href":"http:\/\/desarrollo.grupomedios.com\/futbol\/wp-json\/wp\/v2\/comments?post=339338"}],"version-history":[{"count":0,"href":"http:\/\/desarrollo.grupomedios.com\/futbol\/wp-json\/wp\/v2\/posts\/339338\/revisions"}],"wp:featuredmedia":[{"embeddable":true,"href":"http:\/\/desarrollo.grupomedios.com\/futbol\/wp-json\/wp\/v2\/media\/339356"}],"wp:attachment":[{"href":"http:\/\/desarrollo.grupomedios.com\/futbol\/wp-json\/wp\/v2\/media?parent=339338"}],"wp:term":[{"taxonomy":"category","embeddable":true,"href":"http:\/\/desarrollo.grupomedios.com\/futbol\/wp-json\/wp\/v2\/categories?post=339338"},{"taxonomy":"post_tag","embeddable":true,"href":"http:\/\/desarrollo.grupomedios.com\/futbol\/wp-json\/wp\/v2\/tags?post=339338"}],"curies":[{"name":"wp","href":"https:\/\/api.w.org\/{rel}","templated":true}]}}