{"id":339428,"date":"2015-12-03T11:14:03","date_gmt":"2015-12-03T17:14:03","guid":{"rendered":"http:\/\/futboltotal.com.mx\/?p=339428"},"modified":"2015-12-03T11:15:09","modified_gmt":"2015-12-03T17:15:09","slug":"pumas-iria-por-jugador-de-los-tigres","status":"publish","type":"post","link":"http:\/\/desarrollo.grupomedios.com\/futbol\/futbol-mexicano\/pumas-iria-por-jugador-de-los-tigres\/2015\/12","title":{"rendered":"Pumas ir\u00eda por jugador de los Tigres"},"content":{"rendered":"<p>Todav\u00eda no termina su participaci\u00f3n en el Apertura 2015, y los <strong>Pumas<\/strong> de la UNAM ya tendr\u00edan un acuerdo por un jugador de los Tigres de la UANL, se trata del defensa colombiano, <strong>Francisco Meza<\/strong>.<\/p>\n<p>Seg\u00fan informaci\u00f3n por parte de <em>La Afici\u00f3n<\/em>, el jugador que fue adquirido por los Tigres de la UANL en el verano pasado, y actual elemento del Independiente de Santa Fe, formar\u00eda parte del conjunto auriazul para la pr\u00f3xima campa\u00f1a.<\/p>\n<p>El acuerdo se defini\u00f3\u00a0en un pr\u00e9stamo por un a\u00f1o, sin opci\u00f3n a compra, ya que las intenciones de los felinos de San Nicol\u00e1s es poder contar con los servicios del defensa de 24 a\u00f1os, por lo que esperan que tenga fogueo con el conjunto capitalino.<\/p>\n<p style=\"text-align: center;\"><strong><span style=\"color: #3366ff;\"><a style=\"color: #3366ff;\" href=\"http:\/\/futboltotal.com.mx\/futbol-mexicano\/\">LEER M\u00c1S: Toda la informaci\u00f3n del futbol mexicano<\/a><\/span><\/strong><\/p>\n<p>Los visores de la UANL detectaron a Meza, en un juego de Copa Libertadores, cuando el conjunto de Santa Fe enfrent\u00f3 al equipo de los <em>Rojinegros<\/em> del Atlas. A partir de ah\u00ed se gener\u00f3 la adquisici\u00f3n, aunque los Tigres decidieron que el lateral izquierdo siguiera su carrera en el conjunto colombiano.<\/p>\n<p>El nombre de <strong>Francisco Meza<\/strong> ya habr\u00eda circulado por las mesas de equipos en el futbol europeo, y en el futbol mexicano hab\u00eda trascendido que Gustavo Matosas, en su etapa como entrenador del Atlas busc\u00f3 su incorporaci\u00f3n, sin embargo, Antonio Sancho, vicepresidente deportivo de los <strong>Pumas<\/strong>, movi\u00f3 sus cartas, para conseguir que llegue para la siguiente campa\u00f1a al conjunto universitario.<\/p>\n<p>Todo parece indicar que habr\u00e1 que esperar a que <strong>Pumas<\/strong> termine su participaci\u00f3n en el actual torneo para que se haga oficial la incorporaci\u00f3n de <strong>Francisco Meza<\/strong> al conjunto <em>auriazul<\/em>.<\/p>\n","protected":false},"excerpt":{"rendered":"<p>Los auriazules van por el defensa colombiano<\/p>\n","protected":false},"author":20,"featured_media":339438,"comment_status":"closed","ping_status":"closed","sticky":false,"template":"","format":"standard","meta":[],"categories":[2198,3845,5950],"tags":[6551,4847,74,5973],"_links":{"self":[{"href":"http:\/\/desarrollo.grupomedios.com\/futbol\/wp-json\/wp\/v2\/posts\/339428"}],"collection":[{"href":"http:\/\/desarrollo.grupomedios.com\/futbol\/wp-json\/wp\/v2\/posts"}],"about":[{"href":"http:\/\/desarrollo.grupomedios.com\/futbol\/wp-json\/wp\/v2\/types\/post"}],"author":[{"embeddable":true,"href":"http:\/\/desarrollo.grupomedios.com\/futbol\/wp-json\/wp\/v2\/users\/20"}],"replies":[{"embeddable":true,"href":"http:\/\/desarrollo.grupomedios.com\/futbol\/wp-json\/wp\/v2\/comments?post=339428"}],"version-history":[{"count":0,"href":"http:\/\/desarrollo.grupomedios.com\/futbol\/wp-json\/wp\/v2\/posts\/339428\/revisions"}],"wp:featuredmedia":[{"embeddable":true,"href":"http:\/\/desarrollo.grupomedios.com\/futbol\/wp-json\/wp\/v2\/media\/339438"}],"wp:attachment":[{"href":"http:\/\/desarrollo.grupomedios.com\/futbol\/wp-json\/wp\/v2\/media?parent=339428"}],"wp:term":[{"taxonomy":"category","embeddable":true,"href":"http:\/\/desarrollo.grupomedios.com\/futbol\/wp-json\/wp\/v2\/categories?post=339428"},{"taxonomy":"post_tag","embeddable":true,"href":"http:\/\/desarrollo.grupomedios.com\/futbol\/wp-json\/wp\/v2\/tags?post=339428"}],"curies":[{"name":"wp","href":"https:\/\/api.w.org\/{rel}","templated":true}]}}