{"id":339429,"date":"2015-12-03T13:21:19","date_gmt":"2015-12-03T19:21:19","guid":{"rendered":"http:\/\/futboltotal.com.mx\/?p=339429"},"modified":"2015-12-04T07:59:43","modified_gmt":"2015-12-04T13:59:43","slug":"memo-ochoa-volvera-a-jugar-con-el-malaga-308-dias-despues","status":"publish","type":"post","link":"http:\/\/desarrollo.grupomedios.com\/futbol\/futbol-internacional\/memo-ochoa-volvera-a-jugar-con-el-malaga-308-dias-despues\/2015\/12","title":{"rendered":"Memo Ochoa volver\u00e1 a jugar con el M\u00e1laga\u2026 \u00a1308 d\u00edas despu\u00e9s!"},"content":{"rendered":"<p>Hace unos minutos se confirm\u00f3 que <strong>Guillermo Ochoa<\/strong> ser\u00e1 el portero titular del <strong>M\u00e1laga<\/strong>, que este jueves visita al Mirand\u00e9s de la Segunda Divisi\u00f3n de Espa\u00f1a, dentro de los Dieciseisavos de Final de la <strong>Copa del Rey<\/strong>.<\/p>\n<blockquote class=\"twitter-tweet\" lang=\"es\">\n<p dir=\"ltr\" lang=\"es\"><a href=\"https:\/\/twitter.com\/hashtag\/11MCF?src=hash\">#11MCF<\/a>| Ochoa; Torres, Albentosa, Filipenko, Boka; Tissone, Espinho, Juanpi, Horta, Tighadouini; Santa Cruz <a href=\"https:\/\/twitter.com\/hashtag\/CDMvMCF?src=hash\">#CDMvMCF<\/a> <a href=\"https:\/\/t.co\/Dcm6otpN9A\">pic.twitter.com\/Dcm6otpN9A<\/a><\/p>\n<p>\u2014 M\u00e1laga CF (@MalagaCF) <a href=\"https:\/\/twitter.com\/MalagaCF\/status\/672490357419065344\">diciembre 3, 2015<\/a><\/p><\/blockquote>\n<p><script src=\"\/\/platform.twitter.com\/widgets.js\" async=\"\" charset=\"utf-8\"><\/script><\/p>\n<p>Y as\u00ed, <strong>Memo Ocho<\/strong> volver\u00e1 a jugar con el <strong>M\u00e1laga<\/strong>, \u00a1<strong>308 d\u00edas despu\u00e9s<\/strong>!<\/p>\n<p>En ese sentido, cabe recordar que el \u00faltimo partido de <strong>Memo Ochoa<\/strong> con los <em>Boquerones<\/em> se dio el 29 de enero de 2015, cuando cayeron 1-0 ante el Athletic de Bilbao en los Cuartos de Final de la <strong>Copa del Rey<\/strong>.<\/p>\n<p style=\"text-align: center;\"><span style=\"color: #3366ff;\"><strong><a style=\"color: #3366ff;\" href=\"http:\/\/futboltotal.com.mx\/2015\/11\/malaga-el-peor-de-espana-momento-del-debut-de-memo-ochoa\/\">LEER M\u00c1S: M\u00e1laga, el peor de Espa\u00f1a \u00bfmomento para Ochoa?<\/a><\/strong><\/span><\/p>\n<p>Desde su arribo al <strong>M\u00e1laga<\/strong>, <strong>Guillermo Ochoa<\/strong> ha tenido a la justa copera al \u00fanico certamen a nivel de clubes en el que ha participado en las \u00faltimas dos campa\u00f1as. En la Copa, el portero mexicano ha disputado 6 juegos, que se traducen a escasos 540 minutos de acci\u00f3n con el cuadro malaguista.<\/p>\n<p>El Tri, su escaparate | Pese a la marcada inactividad, Miguel Herrera convoc\u00f3 a <strong>Memo Ochoa<\/strong> para la Copa Oro 2015, torneo en el que la Selecci\u00f3n Mexicana se coron\u00f3 campe\u00f3n y donde el canterano del Am\u00e9rica disput\u00f3 todos los partidos de la justa.<\/p>\n<p style=\"text-align: center;\"><span style=\"color: #3366ff;\"><strong><a style=\"color: #3366ff;\" href=\"http:\/\/futboltotal.com.mx\/2015\/11\/opciones-de-memo-ochoa-para-cambiar-de-club\/\">LEER M\u00c1S: Opciones de Memo Ochoa para cambiar de club<\/a><\/strong><\/span><\/p>\n<p>Justo esos seis partidos, m\u00e1s dos amistosos previo a la justa de la CONCACAF, son los \u00fanicos partidos que <strong>Guillermo Ochoa<\/strong> disput\u00f3 durante 2015 fuera del <strong>M\u00e1laga<\/strong>.<\/p>\n","protected":false},"excerpt":{"rendered":"<p>El portero mexicano regresa a la titular en la Copa del Rey<\/p>\n","protected":false},"author":20,"featured_media":339457,"comment_status":"closed","ping_status":"closed","sticky":false,"template":"","format":"standard","meta":[],"categories":[3839,3844],"tags":[306,679],"_links":{"self":[{"href":"http:\/\/desarrollo.grupomedios.com\/futbol\/wp-json\/wp\/v2\/posts\/339429"}],"collection":[{"href":"http:\/\/desarrollo.grupomedios.com\/futbol\/wp-json\/wp\/v2\/posts"}],"about":[{"href":"http:\/\/desarrollo.grupomedios.com\/futbol\/wp-json\/wp\/v2\/types\/post"}],"author":[{"embeddable":true,"href":"http:\/\/desarrollo.grupomedios.com\/futbol\/wp-json\/wp\/v2\/users\/20"}],"replies":[{"embeddable":true,"href":"http:\/\/desarrollo.grupomedios.com\/futbol\/wp-json\/wp\/v2\/comments?post=339429"}],"version-history":[{"count":0,"href":"http:\/\/desarrollo.grupomedios.com\/futbol\/wp-json\/wp\/v2\/posts\/339429\/revisions"}],"wp:featuredmedia":[{"embeddable":true,"href":"http:\/\/desarrollo.grupomedios.com\/futbol\/wp-json\/wp\/v2\/media\/339457"}],"wp:attachment":[{"href":"http:\/\/desarrollo.grupomedios.com\/futbol\/wp-json\/wp\/v2\/media?parent=339429"}],"wp:term":[{"taxonomy":"category","embeddable":true,"href":"http:\/\/desarrollo.grupomedios.com\/futbol\/wp-json\/wp\/v2\/categories?post=339429"},{"taxonomy":"post_tag","embeddable":true,"href":"http:\/\/desarrollo.grupomedios.com\/futbol\/wp-json\/wp\/v2\/tags?post=339429"}],"curies":[{"name":"wp","href":"https:\/\/api.w.org\/{rel}","templated":true}]}}