{"id":339474,"date":"2015-12-03T15:37:22","date_gmt":"2015-12-03T21:37:22","guid":{"rendered":"http:\/\/futboltotal.com.mx\/?p=339474"},"modified":"2015-12-04T12:26:25","modified_gmt":"2015-12-04T18:26:25","slug":"ochoa-recibe-gol-en-su-primer-partido","status":"publish","type":"post","link":"http:\/\/desarrollo.grupomedios.com\/futbol\/futbol-internacional\/ochoa-recibe-gol-en-su-primer-partido\/2015\/12","title":{"rendered":"Ochoa recibe dos goles en su primer partido"},"content":{"rendered":"<p>El debut del <strong>M\u00e1laga<\/strong> en los Dieciseisavos de Final de <strong>Copa del Rey 2015-16<\/strong> marc\u00f3 el regreso a las canchas del portero mexicano <strong>Guillermo Ochoa<\/strong>, quien no jugaba un partido con los andaluces desde el pasado mes de enero. Por fin apareci\u00f3 como titular para suplir al camerun\u00e9s <strong>Carlos Kameni<\/strong> -no convocado- en el partido ante <strong>Mirand\u00e9s<\/strong>.<\/p>\n<p>Corr\u00eda el minuto 34 cuando <em>Paco Memo<\/em> se apret\u00f3 los guantes antes de un tiro de esquina por la punta derecha. El cobr\u00f3 sali\u00f3 sin potencia, descompuesto, a primer poste; la defensa del M\u00e1laga intent\u00f3 despejar el esf\u00e9rico, pero err\u00f3 por primera vez permitiendo que el bal\u00f3n picara en el \u00e1rea y lo peinara un jugador del Mirand\u00e9s a segundo poste. Ochoa, fijo sobre la l\u00ednea de gol, esperaba que alguno de sus tres compa\u00f1eros que estaban en el \u00e1rea chica despejara; se qued\u00f3 esperando. Hubo un recentro y el esf\u00e9rico lleg\u00f3 a las botas de Alex Garc\u00eda, que solo tuvo que puntear la bola para abrir el marcador.<\/p>\n<p>Despu\u00e9s de 308 d\u00edas sin actividad con el M\u00e1laga, Guillermo Ochoa disput\u00f3 su primer partido y, para su mala fortuna, recibi\u00f3 su primer gol del curso. No fue todo&#8230;<\/p>\n<p>En el segundo tiempo, despu\u00e9s de que Roque Santa Cruz hab\u00eda firmado el empate al minuto 51, el mexicano hizo poco para evitar el segundo tanto del Mirand\u00e9s.<\/p>\n<p>La jugada se dio por la banda derecha, de donde sali\u00f3 un centro a segundo poste del que Ochoa fue espectador. El mexicano volvi\u00f3 a confiar en la defensa del M\u00e1laga y el trabajo de los centrales Filipenko y Albentosa, pero ninguno pudo cortar el centro; el delantero Lago Junior no tuvo problemas para firmar el 2-1 con la cabeza y mandar a <strong>Memo Ochoa<\/strong> a sacar del fondo de la red el bal\u00f3n.<\/p>\n<p>El Mirand\u00e9s dio el campanazo y un duro golpe a Ochoa y el M\u00e1laga al negarles la victoria y relegarlos a un amargo debut en Copa del Rey. La revancha queda para la vuelta, pactada para el 16 de diciembre pr\u00f3ximo en La Rosaleda.<\/p>\n<p style=\"text-align: center;\"><span style=\"color: #3366ff;\"><strong><a style=\"color: #3366ff;\" href=\"http:\/\/futboltotal.com.mx\/2015\/12\/ochoa-pierde-en-lo-economico-y-en-lo-deportivo\/\">LEER M\u00c1S: Ochoa pierde en lo econ\u00f3mico y deportivo<\/a><\/strong><\/span><\/p>\n<p>&nbsp;<\/p>\n","protected":false},"excerpt":{"rendered":"<p>El Mirand\u00e9s propina al mexicano y al M\u00e1laga un amargo debut en Copa del Rey<\/p>\n","protected":false},"author":20,"featured_media":339495,"comment_status":"closed","ping_status":"closed","sticky":false,"template":"","format":"standard","meta":[],"categories":[3839,5951],"tags":[5991,306],"_links":{"self":[{"href":"http:\/\/desarrollo.grupomedios.com\/futbol\/wp-json\/wp\/v2\/posts\/339474"}],"collection":[{"href":"http:\/\/desarrollo.grupomedios.com\/futbol\/wp-json\/wp\/v2\/posts"}],"about":[{"href":"http:\/\/desarrollo.grupomedios.com\/futbol\/wp-json\/wp\/v2\/types\/post"}],"author":[{"embeddable":true,"href":"http:\/\/desarrollo.grupomedios.com\/futbol\/wp-json\/wp\/v2\/users\/20"}],"replies":[{"embeddable":true,"href":"http:\/\/desarrollo.grupomedios.com\/futbol\/wp-json\/wp\/v2\/comments?post=339474"}],"version-history":[{"count":0,"href":"http:\/\/desarrollo.grupomedios.com\/futbol\/wp-json\/wp\/v2\/posts\/339474\/revisions"}],"wp:featuredmedia":[{"embeddable":true,"href":"http:\/\/desarrollo.grupomedios.com\/futbol\/wp-json\/wp\/v2\/media\/339495"}],"wp:attachment":[{"href":"http:\/\/desarrollo.grupomedios.com\/futbol\/wp-json\/wp\/v2\/media?parent=339474"}],"wp:term":[{"taxonomy":"category","embeddable":true,"href":"http:\/\/desarrollo.grupomedios.com\/futbol\/wp-json\/wp\/v2\/categories?post=339474"},{"taxonomy":"post_tag","embeddable":true,"href":"http:\/\/desarrollo.grupomedios.com\/futbol\/wp-json\/wp\/v2\/tags?post=339474"}],"curies":[{"name":"wp","href":"https:\/\/api.w.org\/{rel}","templated":true}]}}