{"id":339543,"date":"2015-12-03T17:16:09","date_gmt":"2015-12-03T23:16:09","guid":{"rendered":"http:\/\/futboltotal.com.mx\/?p=339543"},"modified":"2015-12-03T17:16:09","modified_gmt":"2015-12-03T23:16:09","slug":"diego-reyes-comete-penal-en-copa-del-rey","status":"publish","type":"post","link":"http:\/\/desarrollo.grupomedios.com\/futbol\/futbol-internacional\/diego-reyes-comete-penal-en-copa-del-rey\/2015\/12","title":{"rendered":"Diego Reyes comete penal en Copa del Rey"},"content":{"rendered":"<p>La mala suerte rond\u00f3 en la <strong>Copa del Rey<\/strong> para el defensa mexicano <strong>Diego Reyes<\/strong>, ya que en su regreso a la titularidad con la Real Sociedad, termin\u00f3 por cometer un penal en la derrota\u00a0ante Las Palmas.<\/p>\n<p>En el encuentro de los dieciseisavos de final del torneo copero, el internacional mexicano intent\u00f3 despejar un bal\u00f3n de su \u00e1rea, pero F\u00e9lix Asdr\u00fabal intervino en la jugada, llev\u00e1ndose la patada de <strong>Diego Reyes<\/strong>, el \u00e1rbitro marc\u00f3 la pena m\u00e1xima, y el mismo Asdr\u00fabal, a pesar de fallar el disparo, en el rebote logr\u00f3 meter el bal\u00f3n a las redes.<\/p>\n<p><iframe loading=\"lazy\" src=\"https:\/\/www.youtube.com\/embed\/tf4rd3OpRqc?feature=oembed\" frameborder=\"0\" allowfullscreen><\/iframe><\/p>\n<p>Bruma hab\u00eda adelantado a los de San Sebasti\u00e1n, pero el gol de F\u00e9lix, m\u00e1s una anotaci\u00f3n en el segundo tiempo por Hern\u00e1n Daniel Santana deriv\u00f3 en la victoria de Las Palmas 2-1.<\/p>\n<p>&nbsp;<\/p>\n","protected":false},"excerpt":{"rendered":"<p>El mexicano no tiene un buen regreso con la Real Sociedad<\/p>\n","protected":false},"author":20,"featured_media":339548,"comment_status":"closed","ping_status":"closed","sticky":false,"template":"","format":"standard","meta":[],"categories":[3839,3844,5951],"tags":[96,6006,102],"_links":{"self":[{"href":"http:\/\/desarrollo.grupomedios.com\/futbol\/wp-json\/wp\/v2\/posts\/339543"}],"collection":[{"href":"http:\/\/desarrollo.grupomedios.com\/futbol\/wp-json\/wp\/v2\/posts"}],"about":[{"href":"http:\/\/desarrollo.grupomedios.com\/futbol\/wp-json\/wp\/v2\/types\/post"}],"author":[{"embeddable":true,"href":"http:\/\/desarrollo.grupomedios.com\/futbol\/wp-json\/wp\/v2\/users\/20"}],"replies":[{"embeddable":true,"href":"http:\/\/desarrollo.grupomedios.com\/futbol\/wp-json\/wp\/v2\/comments?post=339543"}],"version-history":[{"count":0,"href":"http:\/\/desarrollo.grupomedios.com\/futbol\/wp-json\/wp\/v2\/posts\/339543\/revisions"}],"wp:featuredmedia":[{"embeddable":true,"href":"http:\/\/desarrollo.grupomedios.com\/futbol\/wp-json\/wp\/v2\/media\/339548"}],"wp:attachment":[{"href":"http:\/\/desarrollo.grupomedios.com\/futbol\/wp-json\/wp\/v2\/media?parent=339543"}],"wp:term":[{"taxonomy":"category","embeddable":true,"href":"http:\/\/desarrollo.grupomedios.com\/futbol\/wp-json\/wp\/v2\/categories?post=339543"},{"taxonomy":"post_tag","embeddable":true,"href":"http:\/\/desarrollo.grupomedios.com\/futbol\/wp-json\/wp\/v2\/tags?post=339543"}],"curies":[{"name":"wp","href":"https:\/\/api.w.org\/{rel}","templated":true}]}}