{"id":339677,"date":"2015-12-04T10:40:50","date_gmt":"2015-12-04T16:40:50","guid":{"rendered":"http:\/\/futboltotal.com.mx\/?p=339677"},"modified":"2015-12-04T12:24:47","modified_gmt":"2015-12-04T18:24:47","slug":"real-madrid-eliminado-de-la-copa-del-rey","status":"publish","type":"post","link":"http:\/\/desarrollo.grupomedios.com\/futbol\/destacado-home\/real-madrid-eliminado-de-la-copa-del-rey\/2015\/12","title":{"rendered":"Real Madrid, eliminado de la Copa del Rey"},"content":{"rendered":"<p>El reglamento se cumpli\u00f3, y el <strong>Real Madrid<\/strong> ha quedado eliminado de la <strong>Copa del Rey<\/strong>. El Juez \u00fanico de Competici\u00f3n de la Federaci\u00f3n Espa\u00f1ola de Futbol atendi\u00f3 la denuncia realizada por el C\u00e1diz, por la alineaci\u00f3n indebida de Denis <strong>Cheryshev<\/strong>, y decret\u00f3 la eliminaci\u00f3n del conjunto merengue del torneo copero.<\/p>\n<p>El <strong>Real Madrid<\/strong> hab\u00eda presentado dos recursos de apelaci\u00f3n, en los cuales argumentaba, tanto el desconocimiento, por parte del jugador, y de la entidad, de la existencia de la sanci\u00f3n por las tres tarjetas amarillas recibidas con el Villarreal, como la anulaci\u00f3n de las amonestaciones despu\u00e9s de tres primeras rondas en el certamen copero.<\/p>\n<p style=\"text-align: center;\"><strong><span style=\"color: #3366ff;\"><a style=\"color: #3366ff;\" href=\"http:\/\/futboltotal.com.mx\/2015\/12\/real-madrid-eliminado-por-alineacion-indebida\/\">LEER M\u00c1S: Real Madrid \u00bfeliminado por alineaci\u00f3n indebida?<\/a><\/span><\/strong><\/p>\n<p>El conjunto merengue, por medio de su presidente Florentino P\u00e9rez hab\u00eda mencionado, que acudir\u00eda a todos los recursos legales posibles para seguir en el torneo, por lo que, con su equipo de abogados, buscar\u00e1n antecedentes, y los presentar\u00e1n ante el Comit\u00e9 de Apelaci\u00f3n, y ante el Tribunal Administrativo del Deporte, como \u00faltimo recurso.<\/p>\n","protected":false},"excerpt":{"rendered":"<p>Procede la denuncia del C\u00e1diz, por la alineaci\u00f3n indebida de Cheryshev<\/p>\n","protected":false},"author":20,"featured_media":339683,"comment_status":"closed","ping_status":"closed","sticky":false,"template":"","format":"standard","meta":[],"categories":[5,3839,5951],"tags":[6553,6548,5988],"_links":{"self":[{"href":"http:\/\/desarrollo.grupomedios.com\/futbol\/wp-json\/wp\/v2\/posts\/339677"}],"collection":[{"href":"http:\/\/desarrollo.grupomedios.com\/futbol\/wp-json\/wp\/v2\/posts"}],"about":[{"href":"http:\/\/desarrollo.grupomedios.com\/futbol\/wp-json\/wp\/v2\/types\/post"}],"author":[{"embeddable":true,"href":"http:\/\/desarrollo.grupomedios.com\/futbol\/wp-json\/wp\/v2\/users\/20"}],"replies":[{"embeddable":true,"href":"http:\/\/desarrollo.grupomedios.com\/futbol\/wp-json\/wp\/v2\/comments?post=339677"}],"version-history":[{"count":0,"href":"http:\/\/desarrollo.grupomedios.com\/futbol\/wp-json\/wp\/v2\/posts\/339677\/revisions"}],"wp:featuredmedia":[{"embeddable":true,"href":"http:\/\/desarrollo.grupomedios.com\/futbol\/wp-json\/wp\/v2\/media\/339683"}],"wp:attachment":[{"href":"http:\/\/desarrollo.grupomedios.com\/futbol\/wp-json\/wp\/v2\/media?parent=339677"}],"wp:term":[{"taxonomy":"category","embeddable":true,"href":"http:\/\/desarrollo.grupomedios.com\/futbol\/wp-json\/wp\/v2\/categories?post=339677"},{"taxonomy":"post_tag","embeddable":true,"href":"http:\/\/desarrollo.grupomedios.com\/futbol\/wp-json\/wp\/v2\/tags?post=339677"}],"curies":[{"name":"wp","href":"https:\/\/api.w.org\/{rel}","templated":true}]}}