{"id":339787,"date":"2015-12-04T17:37:37","date_gmt":"2015-12-04T23:37:37","guid":{"rendered":"http:\/\/futboltotal.com.mx\/?p=339787"},"modified":"2015-12-04T17:37:37","modified_gmt":"2015-12-04T23:37:37","slug":"disciplinaria-confirma-sanciones-de-aguilar-y-samudio","status":"publish","type":"post","link":"http:\/\/desarrollo.grupomedios.com\/futbol\/futbol-mexicano\/disciplinaria-confirma-sanciones-de-aguilar-y-samudio\/2015\/12","title":{"rendered":"Disciplinaria confirma sanciones de Aguilar y Samudio"},"content":{"rendered":"<p>Se ha confirmado que Miguel <strong>Samudio<\/strong> y Pablo <strong>Aguilar<\/strong> no podr\u00e1n ser tomados en cuenta por parte del <strong>Am\u00e9rica<\/strong> para su duelo en el Ol\u00edmpico Universitario ante los Pumas de la UNAM, toda vez que la <strong>Comisi\u00f3n Disciplinaria<\/strong> de la Federaci\u00f3n Mexicana de Futbol ha dado a conocer la lista de sancionados de la ida\u00a0de las semifinales.<\/p>\n<p>Ambos elementos defensivos del conjunto de Coapa salieron expulsados en el partido entre felinos y emplumados en el estadio Azteca. Primero, <strong>Aguilar<\/strong> detuvo a Ismael Sosa en un contragolpe, por lo que fue amonestado;\u00a0al arrastra\u00a0una amarilla en una jugada anterior, tuvo que ser expulsado del encuentro.<\/p>\n<p style=\"text-align: center;\"><strong><span style=\"color: #3366ff;\"><a style=\"color: #3366ff;\" href=\"http:\/\/futboltotal.com.mx\/2015\/12\/america-apelara-expulsion-de-miguel-samudio\/\">LEER M\u00c1S: Am\u00e9rica apelar\u00e1 expulsi\u00f3n de Samudio<\/a><\/span><\/strong><\/p>\n<p style=\"text-align: left;\">Despu\u00e9s, Miguel <strong>Samudio<\/strong>, en un conato de bronca despu\u00e9s del primer gol, por supuesto empuj\u00f3n hacia el mismo Sosa, se llev\u00f3 su segundo cart\u00f3n preventivo, por lo que tambi\u00e9n tuvo que salir del c\u00e9sped.<\/p>\n<p style=\"text-align: left;\">Hab\u00eda trascendido que Ricardo Pel\u00e1ez buscar\u00eda la revocaci\u00f3n de suspensi\u00f3n para <strong>Samudio<\/strong>, para que Ignacio Ambriz pudiera contar con \u00e9l para el juego de vuelta, pero ante la confirmaci\u00f3n de la suspensi\u00f3n por parte de la <strong>Disciplinaria<\/strong>, ambos elementos tendr\u00e1n que ver el encuentro desde las gradas del Universitario.<\/p>\n","protected":false},"excerpt":{"rendered":"<p>Ambos jugadores no estar\u00e1n en la cancha del Ol\u00edmpico Universitario<\/p>\n","protected":false},"author":20,"featured_media":339788,"comment_status":"closed","ping_status":"closed","sticky":false,"template":"","format":"standard","meta":[],"categories":[2198,3845,5950],"tags":[5959,1081,6555,994],"_links":{"self":[{"href":"http:\/\/desarrollo.grupomedios.com\/futbol\/wp-json\/wp\/v2\/posts\/339787"}],"collection":[{"href":"http:\/\/desarrollo.grupomedios.com\/futbol\/wp-json\/wp\/v2\/posts"}],"about":[{"href":"http:\/\/desarrollo.grupomedios.com\/futbol\/wp-json\/wp\/v2\/types\/post"}],"author":[{"embeddable":true,"href":"http:\/\/desarrollo.grupomedios.com\/futbol\/wp-json\/wp\/v2\/users\/20"}],"replies":[{"embeddable":true,"href":"http:\/\/desarrollo.grupomedios.com\/futbol\/wp-json\/wp\/v2\/comments?post=339787"}],"version-history":[{"count":0,"href":"http:\/\/desarrollo.grupomedios.com\/futbol\/wp-json\/wp\/v2\/posts\/339787\/revisions"}],"wp:featuredmedia":[{"embeddable":true,"href":"http:\/\/desarrollo.grupomedios.com\/futbol\/wp-json\/wp\/v2\/media\/339788"}],"wp:attachment":[{"href":"http:\/\/desarrollo.grupomedios.com\/futbol\/wp-json\/wp\/v2\/media?parent=339787"}],"wp:term":[{"taxonomy":"category","embeddable":true,"href":"http:\/\/desarrollo.grupomedios.com\/futbol\/wp-json\/wp\/v2\/categories?post=339787"},{"taxonomy":"post_tag","embeddable":true,"href":"http:\/\/desarrollo.grupomedios.com\/futbol\/wp-json\/wp\/v2\/tags?post=339787"}],"curies":[{"name":"wp","href":"https:\/\/api.w.org\/{rel}","templated":true}]}}