{"id":339924,"date":"2015-12-05T11:54:58","date_gmt":"2015-12-05T17:54:58","guid":{"rendered":"http:\/\/futboltotal.com.mx\/?p=339924"},"modified":"2015-12-05T11:55:10","modified_gmt":"2015-12-05T17:55:10","slug":"bayern-munich-pierde-el-invicto-en-bundesliga","status":"publish","type":"post","link":"http:\/\/desarrollo.grupomedios.com\/futbol\/futbol-internacional\/bayern-munich-pierde-el-invicto-en-bundesliga\/2015\/12","title":{"rendered":"Bayern Munich pierde el invicto en Bundesliga"},"content":{"rendered":"<p><strong>Bayer Munich<\/strong> sufri\u00f3 un duro rev\u00e9s en su visita al Borussia M\u00f6nchengladbach, peridendo el invicto y las formas tars un contundente 3-1, rompiendo una racha prodigiosa de Guardiola, que en sus tres temporadas al frente del equipo, nunca hab\u00eda perdido un partido en la primera ronda de la Bundesliga.<\/p>\n<p>Los b\u00e1varos\u00a0sufren y gran parte de ello es culpa de las m\u00faltiples lesiones. Faltaban David Alaba, Thiago Alc\u00e1ntara, Arjen Robben y Douglas Costa. Ante todas esas p\u00e9simas nuevas, el contraste lleg\u00f3 con la reaparici\u00f3n de Franck Ribery tras nueve meses de baja por lesi\u00f3n.<\/p>\n<p>El Gladbach trat\u00f3 de plantarle cara al Bayern sin limitarse el trabajo defensivo sino procurando tambi\u00e9n superar la presi\u00f3n adelantada de los b\u00e1varos con balones largos. Cuando lograban poner la pelota en la mitad contraria, adem\u00e1s, adelantaban las l\u00edneas para intentar recuperar el bal\u00f3n. El primer tiempo, sin embargo, fue del Bayern Munich que no se fue en ventaja gracias, en buena medida, a las intervenciones del meta local, Yann Sommer.<\/p>\n<p>La ocasi\u00f3n m\u00e1s clara del primer tiempo para el Bayern se dio en el minuto 15. Primero, Sommer par\u00f3 un disparo a quemarropa de Javi Mart\u00ednez. Luego el rebote qued\u00f3 en los pies del franc\u00e9s Kingsley Coman que estrell\u00f3 el bal\u00f3n contra el poste. Ya antes el cancerbero suizo hab\u00eda salvado en dos ocasiones al Gladbach con paradas ante Thomas M\u00fcller y Robert Lewandowski.<\/p>\n<p>Para el complemento, Borussia encontr\u00f3 una recompensa muy grande en la primera acci\u00f3n ofensiva de la segunda parte y se fue en ventaja por medio del lateral izquierdo Oskar Wendt. La jugada la inici\u00f3 Fabian Johnson por la banda izquierda, desde donde meti\u00f3 un bal\u00f3n al \u00e1rea que el brasile\u00f1o Raffael puso en los pies de Wendt, para que este definiera con un disparo raso.<\/p>\n<p>El gol envalenton\u00f3 al Gladbach que se hizo m\u00e1s ofensivo y, montado en la ola de la euforia, logr\u00f3 el segundo tanto en el minuto 66 por intermedio de Lars Stindl tras una jugada de estrategia. El tercero lleg\u00f3 dos minutos despu\u00e9s, en un contragolpe iniciado por Julian Korbo con un pase desde su propio campo y finalizado por Fabian Johnson.<\/p>\n<p>El <strong>Bayern Munich<\/strong> trat\u00f3 de sacudirse de la sorpresiva vapuleada y Franck Ribery entr\u00f3 al campo. Su regreso inyect\u00f3 de \u00e1nimo al plantel que tras una buena combinaci\u00f3n con M\u00fcller y Arturo Vidal, logr\u00f3 el descuento en el minuto 81 con un disparo desde corta distancia del franc\u00e9s.<\/p>\n<p><iframe loading=\"lazy\" src=\"https:\/\/www.youtube.com\/embed\/5yuIATvBOhI\" frameborder=\"0\" allowfullscreen=\"allowfullscreen\"><\/iframe><\/p>\n<p style=\"text-align: center;\"><strong><span style=\"color: #3366ff;\"><a style=\"color: #3366ff;\" href=\"http:\/\/futboltotal.com.mx\/2015\/12\/gol-de-chicharito-ante-el-hertha-berlin\/\">LEER M\u00c1S: \u00a1Chicharito no para de hacer goles! <\/a><\/span><\/strong><\/p>\n","protected":false},"excerpt":{"rendered":"<p>Regres\u00f3 Rib\u00e9ry con gol pero fue lo \u00fanico rescatable de la vapuleada al l\u00edder <\/p>\n","protected":false},"author":20,"featured_media":339925,"comment_status":"closed","ping_status":"closed","sticky":false,"template":"","format":"standard","meta":[],"categories":[3839,5951],"tags":[2056,119,367],"_links":{"self":[{"href":"http:\/\/desarrollo.grupomedios.com\/futbol\/wp-json\/wp\/v2\/posts\/339924"}],"collection":[{"href":"http:\/\/desarrollo.grupomedios.com\/futbol\/wp-json\/wp\/v2\/posts"}],"about":[{"href":"http:\/\/desarrollo.grupomedios.com\/futbol\/wp-json\/wp\/v2\/types\/post"}],"author":[{"embeddable":true,"href":"http:\/\/desarrollo.grupomedios.com\/futbol\/wp-json\/wp\/v2\/users\/20"}],"replies":[{"embeddable":true,"href":"http:\/\/desarrollo.grupomedios.com\/futbol\/wp-json\/wp\/v2\/comments?post=339924"}],"version-history":[{"count":0,"href":"http:\/\/desarrollo.grupomedios.com\/futbol\/wp-json\/wp\/v2\/posts\/339924\/revisions"}],"wp:featuredmedia":[{"embeddable":true,"href":"http:\/\/desarrollo.grupomedios.com\/futbol\/wp-json\/wp\/v2\/media\/339925"}],"wp:attachment":[{"href":"http:\/\/desarrollo.grupomedios.com\/futbol\/wp-json\/wp\/v2\/media?parent=339924"}],"wp:term":[{"taxonomy":"category","embeddable":true,"href":"http:\/\/desarrollo.grupomedios.com\/futbol\/wp-json\/wp\/v2\/categories?post=339924"},{"taxonomy":"post_tag","embeddable":true,"href":"http:\/\/desarrollo.grupomedios.com\/futbol\/wp-json\/wp\/v2\/tags?post=339924"}],"curies":[{"name":"wp","href":"https:\/\/api.w.org\/{rel}","templated":true}]}}