{"id":339946,"date":"2015-12-05T13:08:40","date_gmt":"2015-12-05T19:08:40","guid":{"rendered":"http:\/\/futboltotal.com.mx\/?p=339946"},"modified":"2015-12-09T20:59:06","modified_gmt":"2015-12-10T02:59:06","slug":"golazo-de-vaselina-de-tecatito-corona","status":"publish","type":"post","link":"http:\/\/desarrollo.grupomedios.com\/futbol\/destacado-home\/golazo-de-vaselina-de-tecatito-corona\/2015\/12","title":{"rendered":"Golazo de vaselina de Tecatito con el Porto"},"content":{"rendered":"<p>Era poco entendible la secuencia de suplencias para <strong>Tecatito Corona<\/strong> con el Porto. Pero el mi\u00e9rcoles todo cambi\u00f3, Jes\u00fas volvi\u00f3 al once de gala y se reencontr\u00f3 con el gol. Este s\u00e1bado repiti\u00f3 en la alineaci\u00f3n desde el silbatazo inicial y volvi\u00f3 a marcar, con una definici\u00f3n de crack.<\/p>\n<p>El 17 del Porto recibi\u00f3 una gran asistencia por parte de Brahimi, se quit\u00f3 un hombre y defini\u00f3 con su pierna menos h\u00e1bil, la izquierda, con una vaselina enorme para firmar un golazo y la igualada parcial del Porto ante el Pacos Ferreira.<\/p>\n<p><iframe loading=\"lazy\" src=\"https:\/\/www.youtube.com\/embed\/RSYBtwN09s4\" frameborder=\"0\" allowfullscreen><\/iframe><\/p>\n<p>Justo a su regreso, el <em>Diario O Jogo<\/em> <span style=\"color: #3366ff;\"><a style=\"color: #3366ff;\" href=\"http:\/\/futboltotal.com.mx\/2015\/12\/tecatito-corona-el-delantero-mas-eficaz-en-portugal\/\">elogi\u00f3 su eficacia de cara al arco<\/a><\/span>, situaci\u00f3n que <strong>Tecatito Corona<\/strong> ratific\u00f3 el s\u00e1bado con su sexto gol en Liga, superando en tantos al centro delantero titular de los Dragones, Vincent Aboubakar.<\/p>\n<p style=\"text-align: center;\"><strong><span style=\"color: #3366ff;\"><a style=\"color: #3366ff;\" href=\"http:\/\/futboltotal.com.mx\/2015\/12\/destacan-en-portugal-a-layun\/\">LEER M\u00c1S: Destacan en Portugal a Miguel Lay\u00fan.\u00a0<\/a><\/span><\/strong><\/p>\n","protected":false},"excerpt":{"rendered":"<p>Sensacional la definici\u00f3n de Corona; sum\u00f3 su sexto gol en Liga <\/p>\n","protected":false},"author":20,"featured_media":339962,"comment_status":"closed","ping_status":"closed","sticky":false,"template":"","format":"standard","meta":[],"categories":[5,3839],"tags":[1208,3985,6045],"_links":{"self":[{"href":"http:\/\/desarrollo.grupomedios.com\/futbol\/wp-json\/wp\/v2\/posts\/339946"}],"collection":[{"href":"http:\/\/desarrollo.grupomedios.com\/futbol\/wp-json\/wp\/v2\/posts"}],"about":[{"href":"http:\/\/desarrollo.grupomedios.com\/futbol\/wp-json\/wp\/v2\/types\/post"}],"author":[{"embeddable":true,"href":"http:\/\/desarrollo.grupomedios.com\/futbol\/wp-json\/wp\/v2\/users\/20"}],"replies":[{"embeddable":true,"href":"http:\/\/desarrollo.grupomedios.com\/futbol\/wp-json\/wp\/v2\/comments?post=339946"}],"version-history":[{"count":0,"href":"http:\/\/desarrollo.grupomedios.com\/futbol\/wp-json\/wp\/v2\/posts\/339946\/revisions"}],"wp:featuredmedia":[{"embeddable":true,"href":"http:\/\/desarrollo.grupomedios.com\/futbol\/wp-json\/wp\/v2\/media\/339962"}],"wp:attachment":[{"href":"http:\/\/desarrollo.grupomedios.com\/futbol\/wp-json\/wp\/v2\/media?parent=339946"}],"wp:term":[{"taxonomy":"category","embeddable":true,"href":"http:\/\/desarrollo.grupomedios.com\/futbol\/wp-json\/wp\/v2\/categories?post=339946"},{"taxonomy":"post_tag","embeddable":true,"href":"http:\/\/desarrollo.grupomedios.com\/futbol\/wp-json\/wp\/v2\/tags?post=339946"}],"curies":[{"name":"wp","href":"https:\/\/api.w.org\/{rel}","templated":true}]}}