{"id":340093,"date":"2015-12-06T10:33:06","date_gmt":"2015-12-06T16:33:06","guid":{"rendered":"http:\/\/futboltotal.com.mx\/?p=340093"},"modified":"2015-12-06T10:33:06","modified_gmt":"2015-12-06T16:33:06","slug":"benzema-sin-rencores-a-valbuena","status":"publish","type":"post","link":"http:\/\/desarrollo.grupomedios.com\/futbol\/futbol-internacional\/benzema-sin-rencores-a-valbuena\/2015\/12","title":{"rendered":"Benzema, sin rencores a Valbuena"},"content":{"rendered":"<p>El caso <strong><span style=\"color: #3366ff;\"><a style=\"color: #3366ff;\" href=\"http:\/\/futboltotal.com.mx\/2015\/11\/benzema-imputado-por-extorsion-a-valbuena\/\">Benzema-Valbuena<\/a><\/span><\/strong> enfrenta una m\u00e1s de sus m\u00faltiples versiones, esta vez, por las declaraciones hechas por el futbolista del Real Madrid a <em>Telefoot,<\/em> en la segunda parte de la exclusiva y en las que se\u00f1ala que pese a todo, no existe rencor y que su sue\u00f1o m\u00e1ximo es jugar con Francia.<\/p>\n<p>&#8220;Claro, es mi objetivo. Siempre fue mi objetivo jugar en el equipo de Francia, llevar esta camiseta&#8230;&#8221;, se\u00f1al\u00f3 sobre el orgullo de representar a su pa\u00eds. Mientras tanto, sobre su relaci\u00f3n con Valbuena revel\u00f3. &#8220;S\u00ed, claro. Es mi deseo y creo que es el deseo de las personas a quien les gusta el f\u00fatbol. Mathieu es un buen jugador. Francia le necesita a \u00e9l y a m\u00ed tambi\u00e9n. No tengo rencor contra \u00e9l&#8221;<\/p>\n<p>Con el caso en pleno proceso penal, es posible que <strong>Karim Benzema<\/strong> <strong><span style=\"color: #3366ff;\"><a style=\"color: #3366ff;\" href=\"http:\/\/futboltotal.com.mx\/2015\/12\/karim-benzema-dira-adios-a-la-seleccion-de-francia\/\">sea suspendido provisionalmente<\/a>\u00a0<\/span><\/strong>con Francia hasta que se resuelva la situaci\u00f3n y de seguir as\u00ed, la Eurocopa podr\u00eda ser negada para el 9 <em>merengue<\/em>, algo a lo que dice no temer.<\/p>\n<p>&#8220;No tengo miedo porque hay muchas cosas en la vida para tener miedo. La Eurocopa es algo grande y sue\u00f1o con jugarla, como muchos jugadores. Es una Eurocopa y adem\u00e1s se juega en Francia. No tengo miedo y espero que todo se arregle r\u00e1pido para poder disputar esa competici\u00f3n.<\/p>\n<p>Benzema reiter\u00f3 que estas acusaciones son para destruir su reputaci\u00f3n. Aunque se muestra cauto y seguro, pues su versi\u00f3n es que no es culpable de lo que se le imputa. &#8220;Hace siete a\u00f1os que jugo en el Madrid, igual con el equipo de Francia. Siempre he peleado para llegar hasta aqu\u00ed y voy a seguir haciendolo. Se intenta destruir mi imagen pero no pasa nada. Siempre ser\u00e9 el mismo hasta el final&#8221;, abund\u00f3.<\/p>\n<p>Adem\u00e1s, en variadas ocasiones se le ha reprochado el no cantar la Marsellesa y su amor por Francia, algo que representa molestia para Benzema y atiende con un mensaje contundente.<\/p>\n<p>&#8220;No pienso en cantarla o no. Estoy concentrado, orgulloso de estar con el equipo de Francia. Tengo muchos recuerdos de este equipo como cuando lo ve\u00eda por la televisi\u00f3n en 1998 durante la Copa del Mundo. Pienso en los j\u00f3venes, en mi familia que me mira tambi\u00e9n. Me siento franc\u00e9s y todas estas pol\u00e9micas van demasiado lejos y eso me pesa&#8221;. Y sobre su amor al pa\u00eds y el orgullo que representa el jugar para su naci\u00f3n destaca: &#8220;No hubiera venido 81 veces con el equipo de Francia si no estuviera a gusto aqu\u00ed. No estoy loco. Hace mucho tiempo que estoy aqu\u00ed y tengo ganas de ganar un t\u00edtulo con mi pa\u00eds&#8221;.<\/p>\n<p style=\"text-align: center;\"><span style=\"color: #3366ff;\"><strong><a style=\"color: #3366ff;\" href=\"http:\/\/futboltotal.com.mx\/2015\/11\/benzema-imputado-por-extorsion-a-valbuena\/\">LEER M\u00c1S: Benzema, imputado por extorsi\u00f3n a Valbuena.<\/a><\/strong><\/span><\/p>\n","protected":false},"excerpt":{"rendered":"<p>Sorprendentes las declaraciones de Karim ante la acusaci\u00f3n que enfrenta <\/p>\n","protected":false},"author":20,"featured_media":340102,"comment_status":"closed","ping_status":"closed","sticky":false,"template":"","format":"standard","meta":[],"categories":[3839,3844,5951],"tags":[1961,413,6559],"_links":{"self":[{"href":"http:\/\/desarrollo.grupomedios.com\/futbol\/wp-json\/wp\/v2\/posts\/340093"}],"collection":[{"href":"http:\/\/desarrollo.grupomedios.com\/futbol\/wp-json\/wp\/v2\/posts"}],"about":[{"href":"http:\/\/desarrollo.grupomedios.com\/futbol\/wp-json\/wp\/v2\/types\/post"}],"author":[{"embeddable":true,"href":"http:\/\/desarrollo.grupomedios.com\/futbol\/wp-json\/wp\/v2\/users\/20"}],"replies":[{"embeddable":true,"href":"http:\/\/desarrollo.grupomedios.com\/futbol\/wp-json\/wp\/v2\/comments?post=340093"}],"version-history":[{"count":0,"href":"http:\/\/desarrollo.grupomedios.com\/futbol\/wp-json\/wp\/v2\/posts\/340093\/revisions"}],"wp:featuredmedia":[{"embeddable":true,"href":"http:\/\/desarrollo.grupomedios.com\/futbol\/wp-json\/wp\/v2\/media\/340102"}],"wp:attachment":[{"href":"http:\/\/desarrollo.grupomedios.com\/futbol\/wp-json\/wp\/v2\/media?parent=340093"}],"wp:term":[{"taxonomy":"category","embeddable":true,"href":"http:\/\/desarrollo.grupomedios.com\/futbol\/wp-json\/wp\/v2\/categories?post=340093"},{"taxonomy":"post_tag","embeddable":true,"href":"http:\/\/desarrollo.grupomedios.com\/futbol\/wp-json\/wp\/v2\/tags?post=340093"}],"curies":[{"name":"wp","href":"https:\/\/api.w.org\/{rel}","templated":true}]}}