{"id":340104,"date":"2015-12-06T10:45:28","date_gmt":"2015-12-06T16:45:28","guid":{"rendered":"http:\/\/futboltotal.com.mx\/?p=340104"},"modified":"2015-12-06T16:24:52","modified_gmt":"2015-12-06T22:24:52","slug":"chivas-hace-un-esfuerzo-mas-para-comprar-a-gullit-pena","status":"publish","type":"post","link":"http:\/\/desarrollo.grupomedios.com\/futbol\/destacado-home\/chivas-hace-un-esfuerzo-mas-para-comprar-a-gullit-pena\/2015\/12","title":{"rendered":"Chivas redobla esfuerzo para fichar a Gullit Pe\u00f1a"},"content":{"rendered":"<p><strong>Chivas<\/strong> sigue luchando por mejorar su plantel de cara al Clausura 2016 y, luego de cerrar la <span style=\"color: #3366ff;\"><a style=\"color: #3366ff;\" href=\"http:\/\/futboltotal.com.mx\/2015\/12\/orbelin-pineda-refuerzo-chivas\/\">operaci\u00f3n Orbel\u00edn Pineda<\/a>,\u00a0<\/span>se empe\u00f1a en contratar al mediocampista <strong>Carlos Gullit Pe\u00f1a<\/strong>. El acuerdo casi est\u00e1 cerrado y podr\u00eda hacerse oficial este lunes.<\/p>\n<p>En los pasados d\u00eda parec\u00eda que <span style=\"color: #3366ff;\"><a style=\"color: #3366ff;\" href=\"http:\/\/futboltotal.com.mx\/2015\/12\/chivas-ya-no-buscara-al-gullit-pena\/\">las negociaciones hab\u00edan fracasado<\/a><\/span>, inclusive, el director de Grupo Omnilife, Jos\u00e9 Luis Higuera, se\u00f1al\u00f3 que &#8220;Gullit es m\u00e1s caro que Messi&#8221;. Pero en un vuelco inesperado, las conversaciones fueron retomadas el s\u00e1bado y seg\u00fan se\u00f1ala <em>ESPN<\/em>, el acuerdo estar\u00eda muy cerca de ser concretado.<\/p>\n<p>En principio, el precio en el que Le\u00f3n tas\u00f3 a su mediocampista fueron 15 millones de d\u00f3lares, cifra a la que Guadalajara se opuso rotundamente, para luego bajara a 13 y 8 millones, situaci\u00f3n que oblig\u00f3 a la ruptura de las conversaciones, mismas que fueron retomadas el s\u00e1bado.<\/p>\n<p>El reporte se\u00f1ala que son detalles m\u00ednimos los que faltan por cuadrarse para que as\u00ed ambos clubes puedan anunciar su acuerdo pese a lo estratosf\u00e9rico de su valoraci\u00f3n. Y a\u00f1ade que Chivas\u00a0siempre estuvo en desacuerdo con el costo, pero nunca baj\u00f3 los brazos, as\u00ed que para poder completar el precio habr\u00eda ofrecido al delantero \u00c1ngel Reyna.<\/p>\n<p>Por su parte, de concretarse oficialmente la salida del Gullit Pe\u00f1a, el Le\u00f3n piensa seriamente cubrir la plaza de extranjero con un jugador para la posici\u00f3n que dejar\u00e1 Pe\u00f1a, extranjero que podr\u00eda estar jugando en la Liga MX.<\/p>\n<p style=\"text-align: center;\"><strong><span style=\"color: #3366ff;\"><a style=\"color: #3366ff;\" href=\"http:\/\/futboltotal.com.mx\/2015\/12\/chivas-ya-no-buscara-al-gullit-pena\/\">LEER M\u00c1S: Chivas ya no buscar\u00e1 al Gullit Pe\u00f1a.\u00a0<\/a><\/span><\/strong><\/p>\n","protected":false},"excerpt":{"rendered":"<p>El Reba\u00f1o Sagrado est\u00e1 cerca de firmar a uno de los deseos de Mat\u00edas Almeyda <\/p>\n","protected":false},"author":20,"featured_media":340107,"comment_status":"closed","ping_status":"closed","sticky":false,"template":"","format":"standard","meta":[],"categories":[5,2198,3845],"tags":[70,4847,1754,64],"_links":{"self":[{"href":"http:\/\/desarrollo.grupomedios.com\/futbol\/wp-json\/wp\/v2\/posts\/340104"}],"collection":[{"href":"http:\/\/desarrollo.grupomedios.com\/futbol\/wp-json\/wp\/v2\/posts"}],"about":[{"href":"http:\/\/desarrollo.grupomedios.com\/futbol\/wp-json\/wp\/v2\/types\/post"}],"author":[{"embeddable":true,"href":"http:\/\/desarrollo.grupomedios.com\/futbol\/wp-json\/wp\/v2\/users\/20"}],"replies":[{"embeddable":true,"href":"http:\/\/desarrollo.grupomedios.com\/futbol\/wp-json\/wp\/v2\/comments?post=340104"}],"version-history":[{"count":0,"href":"http:\/\/desarrollo.grupomedios.com\/futbol\/wp-json\/wp\/v2\/posts\/340104\/revisions"}],"wp:featuredmedia":[{"embeddable":true,"href":"http:\/\/desarrollo.grupomedios.com\/futbol\/wp-json\/wp\/v2\/media\/340107"}],"wp:attachment":[{"href":"http:\/\/desarrollo.grupomedios.com\/futbol\/wp-json\/wp\/v2\/media?parent=340104"}],"wp:term":[{"taxonomy":"category","embeddable":true,"href":"http:\/\/desarrollo.grupomedios.com\/futbol\/wp-json\/wp\/v2\/categories?post=340104"},{"taxonomy":"post_tag","embeddable":true,"href":"http:\/\/desarrollo.grupomedios.com\/futbol\/wp-json\/wp\/v2\/tags?post=340104"}],"curies":[{"name":"wp","href":"https:\/\/api.w.org\/{rel}","templated":true}]}}