{"id":340159,"date":"2015-12-06T15:16:34","date_gmt":"2015-12-06T21:16:34","guid":{"rendered":"http:\/\/futboltotal.com.mx\/?p=340159"},"modified":"2015-12-06T16:22:19","modified_gmt":"2015-12-06T22:22:19","slug":"futbolistas-del-america-hacen-explotar-las-redes-sociales","status":"publish","type":"post","link":"http:\/\/desarrollo.grupomedios.com\/futbol\/futbol-mexicano\/futbolistas-del-america-hacen-explotar-las-redes-sociales\/2015\/12","title":{"rendered":"Benedetto explota tras duelo ante Pumas"},"content":{"rendered":"<p><span style=\"color: #000000;\">El triunfo del<\/span> <span style=\"color: #3366ff;\"><a style=\"color: #3366ff;\" href=\"http:\/\/futboltotal.com.mx\/2015\/12\/resultado-liga-mx-pumas-1-3-america\/\">Am\u00e9rica 1-3 sobre Pumas<\/a><\/span> <span style=\"color: #000000;\">no sirvi\u00f3 para instalarse en la final, pese al \u00e9pico esfuerzo que represent\u00f3 enfrentar<\/span> <span style=\"color: #3366ff;\"><a style=\"color: #3366ff;\" href=\"http:\/\/futboltotal.com.mx\/2015\/12\/america-de-nueva-cuenta-con-dos-expulsiones\/\">otro partido con dos hombres menos<\/a>.<span style=\"color: #000000;\"> Las frases fueron contrastantes entre los mismos integrantes del cuadro amarillo, pues unos descargaron su furia contra el arbitraje, mientras que otros se enfocaron en alabar el rendimiento de la plantilla, que se qued\u00f3 al borde de lo \u00e9pico.\u00a0<\/span><\/span><\/p>\n<p><strong><span style=\"color: #000000;\">Dar\u00edo Benedetto<\/span><\/strong> <span style=\"color: #000000;\">no ocult\u00f3 su molestia con el arbitraje, en especial, por la entrada violenta de Javier Cort\u00e9s que oblig\u00f3 la sustituci\u00f3n de Javier G\u00fcemez, que de inmediato fue a parar al hospital.<\/span><\/p>\n<blockquote class=\"twitter-tweet\" lang=\"es\">\n<p dir=\"ltr\" lang=\"es\">Que verguenza!!! Fracturan a un jugador y ni amarilla le sacan!!! Cagones!!!!<\/p>\n<p>\u2014 Dario Benedetto (@PipaBenedetto) <a href=\"https:\/\/twitter.com\/PipaBenedetto\/status\/673596414467837952\">diciembre 6, 2015<\/a><\/p><\/blockquote>\n<p><script src=\"\/\/platform.twitter.com\/widgets.js\" async=\"\" charset=\"utf-8\"><\/script><span style=\"color: #000000;\">El portero <strong>Mois\u00e9s Mu\u00f1oz<\/strong> en sentido contrario al de <em>Pipa<\/em>, mostr\u00f3 su felicidad por estar rodeado de un gran equipo y con gran car\u00e1cter, calificando de grande a la instituci\u00f3n y sin meterse en embrollos con el arbitraje.\u00a0<\/span> <\/p>\n<blockquote class=\"twitter-tweet\" lang=\"es\"><p>No puedo estar m\u00e1s orgulloso de mi equipo, hoy demostramos como juega un equipo GRANDE!!! Con garra, entrega y buen futbol. <a href=\"https:\/\/twitter.com\/hashtag\/ArribaElAmerica?src=hash\">#ArribaElAmerica<\/a> \u2014 Moises Mu\u00f1oz (@MoyMu23) <a href=\"https:\/\/twitter.com\/MoyMu23\/status\/673596887245565952\">diciembre 6, 2015<\/a><\/p><\/blockquote>\n<p><script src=\"\/\/platform.twitter.com\/widgets.js\" async=\"\" charset=\"utf-8\"><\/script><\/p>\n<p>&nbsp;<\/p>\n<p><script src=\"\/\/platform.twitter.com\/widgets.js\" async=\"\" charset=\"utf-8\"><\/script><\/p>\n<p style=\"text-align: center;\"><span style=\"color: #3366ff;\"><strong><a style=\"color: #3366ff;\" href=\"http:\/\/futboltotal.com.mx\/2015\/12\/resultado-liga-mx-pumas-1-3-america\/\">LEER M\u00c1S: Pumas sufre para instalarse en la final.<\/a> <\/strong><\/span><\/p>\n","protected":false},"excerpt":{"rendered":"<p>El Pipa carg\u00f3 contra el arbitraje, mientras Mois\u00e9s mostr\u00f3 el orgullo azulcrema <\/p>\n","protected":false},"author":20,"featured_media":340173,"comment_status":"closed","ping_status":"closed","sticky":false,"template":"","format":"standard","meta":[],"categories":[2198,3845,5950],"tags":[5959,3876,635],"_links":{"self":[{"href":"http:\/\/desarrollo.grupomedios.com\/futbol\/wp-json\/wp\/v2\/posts\/340159"}],"collection":[{"href":"http:\/\/desarrollo.grupomedios.com\/futbol\/wp-json\/wp\/v2\/posts"}],"about":[{"href":"http:\/\/desarrollo.grupomedios.com\/futbol\/wp-json\/wp\/v2\/types\/post"}],"author":[{"embeddable":true,"href":"http:\/\/desarrollo.grupomedios.com\/futbol\/wp-json\/wp\/v2\/users\/20"}],"replies":[{"embeddable":true,"href":"http:\/\/desarrollo.grupomedios.com\/futbol\/wp-json\/wp\/v2\/comments?post=340159"}],"version-history":[{"count":0,"href":"http:\/\/desarrollo.grupomedios.com\/futbol\/wp-json\/wp\/v2\/posts\/340159\/revisions"}],"wp:featuredmedia":[{"embeddable":true,"href":"http:\/\/desarrollo.grupomedios.com\/futbol\/wp-json\/wp\/v2\/media\/340173"}],"wp:attachment":[{"href":"http:\/\/desarrollo.grupomedios.com\/futbol\/wp-json\/wp\/v2\/media?parent=340159"}],"wp:term":[{"taxonomy":"category","embeddable":true,"href":"http:\/\/desarrollo.grupomedios.com\/futbol\/wp-json\/wp\/v2\/categories?post=340159"},{"taxonomy":"post_tag","embeddable":true,"href":"http:\/\/desarrollo.grupomedios.com\/futbol\/wp-json\/wp\/v2\/tags?post=340159"}],"curies":[{"name":"wp","href":"https:\/\/api.w.org\/{rel}","templated":true}]}}