{"id":340194,"date":"2015-12-06T14:55:05","date_gmt":"2015-12-06T20:55:05","guid":{"rendered":"http:\/\/futboltotal.com.mx\/?p=340194"},"modified":"2015-12-06T16:03:53","modified_gmt":"2015-12-06T22:03:53","slug":"dario-veron-con-actos-de-racismo-a-darwin-quintero","status":"publish","type":"post","link":"http:\/\/desarrollo.grupomedios.com\/futbol\/destacado-home\/dario-veron-con-actos-de-racismo-a-darwin-quintero\/2015\/12","title":{"rendered":"Dar\u00edo Ver\u00f3n, con actos de racismo a Darwin Quintero"},"content":{"rendered":"<p><strong>Pumas<\/strong> est\u00e1n en la final, pero sufri\u00f3 m\u00e1s de la cuenta. El partido oblig\u00f3 an las emociones al l\u00edmite y con ello, m\u00faltiples conatos de bronca, el m\u00e1s importante: la constante lucha entre Dar\u00edo Ver\u00f3n y Darwin Quintero en la segunda parte.<\/p>\n<p>Tan pronto como fue expulsado Rubens Sambueza del partido, Quintero y Ver\u00f3n estuvieron a nada de los golpes, siendo el colombiano el futbolista que se encontraba m\u00e1s exacerbado.\u00a0La situaci\u00f3n no quedaba clara en ese momento, pero minutos despu\u00e9s del incidente, Ignacio Ambriz critic\u00f3 \u00a0al capit\u00e1n de Pumas por sus acciones. &#8220;Eso no se hace&#8230;&#8221; as\u00ed lo captaron las c\u00e1maras de televisi\u00f3n.<\/p>\n<p>Ya en conferencia de prensa, Mois\u00e9s Mu\u00f1oz\u00a0revel\u00f3 que <strong>Dar\u00edo Ver\u00f3n<\/strong> llam\u00f3 &#8220;simio&#8221; a su compa\u00f1ero Darwin Quintero. Adem\u00e1s, se\u00f1al\u00f3 que el defensor paraguayo\u00a0durante todo el partido habr\u00eda hecho sonidos de simio para incomodar al delantero azulcrema.<\/p>\n<p>Sin embargo, antes las acusaciones por parte del Am\u00e9rica no solo de Mois\u00e9s Mu\u00f1oz, tambi\u00e9n de Ricardo Pela\u00e9z, director deportivo de la instituci\u00f3n, Dar\u00edo Ver\u00f3n cort\u00f3 de tajo la especulaci\u00f3n con un &#8220;lo que pasa es que no saben perder&#8221;.<\/p>\n<p style=\"text-align: left;\">No es la primera ocasi\u00f3n en que\u00a0Dar\u00edo Ver\u00f3n se encuentra inmiscuido en estos lamentables actos. En el Torneo Bicentenario 2010, junto Marco Antonio Palacios, realiz\u00f3 actos de racismo contra Felipe Baloy, exjugador de Santos.El defensa paname\u00f1o asegur\u00f3 que ambos jugadores lo llamaron &#8220;negro&#8221; y &#8220;mono&#8221;, por lo tanto se abri\u00f3 una investigaci\u00f3n contra los futbolistas.<\/p>\n<p style=\"text-align: center;\"><strong><a href=\"http:\/\/futboltotal.com.mx\/2015\/12\/america-de-nueva-cuenta-con-dos-expulsiones\/\"><span style=\"color: #3366ff;\">LEER M\u00c1S: Am\u00e9rica, de nueva cuenta con dos expulsiones.<\/span><\/a><\/strong><\/p>\n<p>&nbsp;<\/p>\n","protected":false},"excerpt":{"rendered":"<p>El guardameta Mois\u00e9s Mu\u00f1oz acus\u00f3 al capit\u00e1n de Pumas del negativo acto <\/p>\n","protected":false},"author":20,"featured_media":340209,"comment_status":"closed","ping_status":"closed","sticky":false,"template":"","format":"standard","meta":[],"categories":[5,2198,3845],"tags":[1328,284,74],"_links":{"self":[{"href":"http:\/\/desarrollo.grupomedios.com\/futbol\/wp-json\/wp\/v2\/posts\/340194"}],"collection":[{"href":"http:\/\/desarrollo.grupomedios.com\/futbol\/wp-json\/wp\/v2\/posts"}],"about":[{"href":"http:\/\/desarrollo.grupomedios.com\/futbol\/wp-json\/wp\/v2\/types\/post"}],"author":[{"embeddable":true,"href":"http:\/\/desarrollo.grupomedios.com\/futbol\/wp-json\/wp\/v2\/users\/20"}],"replies":[{"embeddable":true,"href":"http:\/\/desarrollo.grupomedios.com\/futbol\/wp-json\/wp\/v2\/comments?post=340194"}],"version-history":[{"count":0,"href":"http:\/\/desarrollo.grupomedios.com\/futbol\/wp-json\/wp\/v2\/posts\/340194\/revisions"}],"wp:featuredmedia":[{"embeddable":true,"href":"http:\/\/desarrollo.grupomedios.com\/futbol\/wp-json\/wp\/v2\/media\/340209"}],"wp:attachment":[{"href":"http:\/\/desarrollo.grupomedios.com\/futbol\/wp-json\/wp\/v2\/media?parent=340194"}],"wp:term":[{"taxonomy":"category","embeddable":true,"href":"http:\/\/desarrollo.grupomedios.com\/futbol\/wp-json\/wp\/v2\/categories?post=340194"},{"taxonomy":"post_tag","embeddable":true,"href":"http:\/\/desarrollo.grupomedios.com\/futbol\/wp-json\/wp\/v2\/tags?post=340194"}],"curies":[{"name":"wp","href":"https:\/\/api.w.org\/{rel}","templated":true}]}}