{"id":340397,"date":"2015-12-07T13:32:14","date_gmt":"2015-12-07T19:32:14","guid":{"rendered":"http:\/\/futboltotal.com.mx\/?p=340397"},"modified":"2015-12-07T13:34:09","modified_gmt":"2015-12-07T19:34:09","slug":"5-actos-de-racismo-en-el-futbol-mexicano","status":"publish","type":"post","link":"http:\/\/desarrollo.grupomedios.com\/futbol\/futbol-mexicano\/5-actos-de-racismo-en-el-futbol-mexicano\/2015\/12","title":{"rendered":"5 actos de racismo en el futbol mexicano"},"content":{"rendered":"<p>El <strong>racismo<\/strong> es un mal que aqueja al futbol mundial. No importan cuantas campa\u00f1as emprenda la FIFA o algunas otras federaciones para erradicar el problema, siempre existe un incidente que ratifica que el asunto est\u00e1 lejos de ser solucionado.<\/p>\n<p>Lamentablemente, en M\u00e9xico estas actitudes se mantienen latentes y explotan en los duelos de m\u00e1s trascendencia, ya sea por la rivalidad notable entre equipos o por la simple calentura del momento. El domingo se suscit\u00f3 una nueva exhibici\u00f3n a todas luces reprobable de discriminaci\u00f3n, en el conato de bronca suscitado entre Dar\u00edo Ver\u00f3n y Darwin Quintero, que minutos despu\u00e9s fue denunciada por Mois\u00e9s Mu\u00f1oz. Como \u00e9ste, varios incidentes han oscurecido la atm\u00f3sfera festiva en el futbol mexicano.<\/p>\n<p><span style=\"color: #ff0000;\">Ciudad Universitaria, un escenario hostil | <span style=\"color: #000000;\">Dos a\u00f1os atr\u00e1s, Pumas y Am\u00e9rica se enfrentaron en Liguilla. En disputa estaba un boleto a semifinales del Clausura 2013, el afectado, Christian <em>Chucho<\/em> Ben\u00edtez, que fue v\u00edctima de la hostil afici\u00f3n auriazul . Cada que el ya desaparecido atacante ecuatoriano tocaba la redonda, los fan\u00e1ticos locales hac\u00edan ruidos similares a los que efect\u00faa un mono. En un concierto reprochable que tuvo 90 minutos de duraci\u00f3n.\u00a0<\/span><\/span><\/p>\n<div id=\"attachment_340414\" style=\"width: 830px\" class=\"wp-caption alignnone\"><a href=\"http:\/\/futboltotal.com.mx\/wp-content\/uploads\/2015\/12\/Chucho-Ben\u00edtez-.jpg\"><img aria-describedby=\"caption-attachment-340414\" decoding=\"async\" loading=\"lazy\" class=\"wp-image-340414 size-full\" src=\"http:\/\/futboltotal.com.mx\/wp-content\/uploads\/2015\/12\/Chucho-Ben\u00edtez-.jpg\" alt=\"5 actos de racismo en el futbol mexicano 0\" srcset=\"http:\/\/desarrollo.grupomedios.com\/futbol\/wp-content\/uploads\/2015\/12\/Chucho-Ben\u00edtez-.jpg 820w, http:\/\/desarrollo.grupomedios.com\/futbol\/wp-content\/uploads\/2015\/12\/Chucho-Ben\u00edtez--300x120.jpg 300w\" sizes=\"(max-width: 820px) 100vw, 820px\" \/><\/a><p id=\"caption-attachment-340414\" class=\"wp-caption-text\">Foto\/Imago7\/Etzel Espinosa<\/p><\/div>\n<p><span style=\"color: #ff0000;\">Felipe Baloy, insultado m\u00faltiples ocasiones | <\/span><span style=\"color: #000000;\">El paname\u00f1o ha sido v\u00edctima constante de estos bochornosos actos, el primero de todos, en el Apertura 2006. Baloy visit\u00f3 el antiguo Estadio Corona con Monterrey y la gente de la comarca lagunera le dio la bienvenida con\u00a0desagradables\u00a0gritos como el &#8220;chango come pl\u00e1tano&#8221; y gemidos aludiendo a un mono. Rayados actu\u00f3 con la intenci\u00f3n de\u00a0calmar la tensi\u00f3n y al mismo tiempo erradicar el mal. El\u00a0siguiente\u00a0partido toda la plantilla sali\u00f3 con una manta que\u00a0expresaba&#8221;la \u00fanicas diferencia est\u00e1 en el uniforme&#8221;.\u00a0<\/span><\/p>\n<p>A\u00f1os despu\u00e9s, ya con Felipe vistiendo la el\u00e1stica de Santos, Marco Palacios\u00a0y Dar\u00edo Ver\u00f3n hicieron sufrir un infierno al defensor. Con gritos e insultos, entre los que destacaron el &#8220;negro&#8221; y &#8220;mono&#8221; situaci\u00f3n que denunci\u00f3 Baloy. Para solucionar el error, los jugadores de Pumas fueron instados a colaborar en una campa\u00f1a para prevenir la discriminaci\u00f3n.<\/p>\n<div id=\"attachment_340419\" style=\"width: 830px\" class=\"wp-caption alignnone\"><a href=\"http:\/\/futboltotal.com.mx\/wp-content\/uploads\/2015\/12\/Felipe-Baloy.jpg\"><img aria-describedby=\"caption-attachment-340419\" decoding=\"async\" loading=\"lazy\" class=\"wp-image-340419 size-full\" src=\"http:\/\/futboltotal.com.mx\/wp-content\/uploads\/2015\/12\/Felipe-Baloy.jpg\" alt=\"Felipe Baloy\" srcset=\"http:\/\/desarrollo.grupomedios.com\/futbol\/wp-content\/uploads\/2015\/12\/Felipe-Baloy.jpg 820w, http:\/\/desarrollo.grupomedios.com\/futbol\/wp-content\/uploads\/2015\/12\/Felipe-Baloy-300x117.jpg 300w\" sizes=\"(max-width: 820px) 100vw, 820px\" \/><\/a><p id=\"caption-attachment-340419\" class=\"wp-caption-text\">Foto\/Imago7<\/p><\/div>\n<p><span style=\"color: #ff0000;\">Ecuatorianos sufrieron en su propio estadio | <span style=\"color: #000000;\">Atlante visit\u00f3 a Pachuca en el Clausura 2014. Su porra, siempre fiel, acudi\u00f3 al Estadio Hidalgo y desvi\u00f3 sus conceptos de aliento a su instituci\u00f3n, traspasando c\u00f3digos y ofendiendo a diestra y siniestra a Enner Valencia y Walter Ayovi. \u00a0No existi\u00f3 castigo por parte de la Federaci\u00f3n, pero Grupo Pachuca hizo frente y vet\u00f3 de la entrada al inmueble a los aficionados involucrados.\u00a0<\/span><\/span><\/p>\n<div id=\"attachment_340425\" style=\"width: 835px\" class=\"wp-caption alignnone\"><a href=\"http:\/\/futboltotal.com.mx\/wp-content\/uploads\/2015\/12\/Enner-Valencia-.jpg\"><img aria-describedby=\"caption-attachment-340425\" decoding=\"async\" loading=\"lazy\" class=\"size-full wp-image-340425\" src=\"http:\/\/futboltotal.com.mx\/wp-content\/uploads\/2015\/12\/Enner-Valencia-.jpg\" alt=\"Foto: imago7\/ Diego Ignacio Flores.\" srcset=\"http:\/\/desarrollo.grupomedios.com\/futbol\/wp-content\/uploads\/2015\/12\/Enner-Valencia-.jpg 825w, http:\/\/desarrollo.grupomedios.com\/futbol\/wp-content\/uploads\/2015\/12\/Enner-Valencia--300x111.jpg 300w\" sizes=\"(max-width: 825px) 100vw, 825px\" \/><\/a><p id=\"caption-attachment-340425\" class=\"wp-caption-text\">Foto: imago7\/ Diego Ignacio Flores.<\/p><\/div>\n<p><span style=\"color: #ff0000;\">Pumas ataca de nuevo, ahora en Le\u00f3n | <span style=\"color: #000000;\">La afici\u00f3n universitaria encontr\u00f3 su nuevo objetivo en el tridente de la Fiera: Loboa, Arizala y Burbano. Al constante grito asemejando los sonidos de un simio y otros insultos m\u00e1s, el partido desarroll\u00f3 esos lamentables actos. Semanas despu\u00e9s, Monterrey visit\u00f3 y ahora fue la afic\u00f3n local la que denigr\u00f3 a Dorlan Pab\u00f3n.\u00a0<\/span><\/span><\/p>\n<div id=\"attachment_340440\" style=\"width: 835px\" class=\"wp-caption alignnone\"><a href=\"http:\/\/futboltotal.com.mx\/wp-content\/uploads\/2015\/12\/Dar\u00edo-Burbano-.jpg\"><img aria-describedby=\"caption-attachment-340440\" decoding=\"async\" loading=\"lazy\" class=\"size-full wp-image-340440\" src=\"http:\/\/futboltotal.com.mx\/wp-content\/uploads\/2015\/12\/Dar\u00edo-Burbano-.jpg\" alt=\"Le\u00f3n, Guanajuato 9 de Noviembre del 2013 Hern\u00e1n Dar\u00edo Burbano de le\u00f3n en el partido entre Esmeraldas de Le\u00f3n y Xolos de Tijuana del Torneo apertura 2013 de la Liga BancomerMX, realizado en el estadio NouCamp. Foto\/Imago7\/Sergio Mejia\" srcset=\"http:\/\/desarrollo.grupomedios.com\/futbol\/wp-content\/uploads\/2015\/12\/Dar\u00edo-Burbano-.jpg 825w, http:\/\/desarrollo.grupomedios.com\/futbol\/wp-content\/uploads\/2015\/12\/Dar\u00edo-Burbano--300x145.jpg 300w\" sizes=\"(max-width: 825px) 100vw, 825px\" \/><\/a><p id=\"caption-attachment-340440\" class=\"wp-caption-text\">Foto\/Imago7\/Sergio Mejia<\/p><\/div>\n<p><span style=\"color: #ff0000;\">Dar\u00edo Ver\u00f3n, reincidente | <span style=\"color: #000000;\">El capit\u00e1n de Pumas se junt\u00f3 el viernes junto a Mois\u00e9s Mu\u00f1oz para pedir al p\u00fablico no cometer actos violentos. Sin embargo, el mal ejemplo surgi\u00f3 del defensor paraguayo el domingo. Tan pronto como finaliz\u00f3 el partido entre auriazules y azulcremas, <em>Moi<\/em> denunci\u00f3 actos racistas y el continuo uso del &#8220;simio&#8221; para sacar de quicio a Darwin Quintero. Ese acto le puede traer un problema severo: perderse la Gran Final del futbol mexicano por una sanci\u00f3n ante su discriminaci\u00f3n.\u00a0<\/span><\/span><\/p>\n<div id=\"attachment_340442\" style=\"width: 835px\" class=\"wp-caption alignnone\"><a href=\"http:\/\/futboltotal.com.mx\/wp-content\/uploads\/2015\/12\/Quintero-y-Ver\u00f3n-.jpg\"><img aria-describedby=\"caption-attachment-340442\" decoding=\"async\" loading=\"lazy\" class=\"size-full wp-image-340442\" src=\"http:\/\/futboltotal.com.mx\/wp-content\/uploads\/2015\/12\/Quintero-y-Ver\u00f3n-.jpg\" alt=\"Foto: Imago7\/Agustin Cuevas\" srcset=\"http:\/\/desarrollo.grupomedios.com\/futbol\/wp-content\/uploads\/2015\/12\/Quintero-y-Ver\u00f3n-.jpg 825w, http:\/\/desarrollo.grupomedios.com\/futbol\/wp-content\/uploads\/2015\/12\/Quintero-y-Ver\u00f3n--300x128.jpg 300w\" sizes=\"(max-width: 825px) 100vw, 825px\" \/><\/a><p id=\"caption-attachment-340442\" class=\"wp-caption-text\">Foto: Imago7\/Agustin Cuevas<\/p><\/div>\n<p style=\"text-align: center;\"><strong><span style=\"color: #3366ff;\"><a style=\"color: #3366ff;\" href=\"http:\/\/futboltotal.com.mx\/2015\/12\/futbolistas-del-america-hacen-explotar-las-redes-sociales\/\">LEER M\u00c1S: Benedetto explota tras duelo ante Pumas.\u00a0<\/a><\/span><\/strong><\/p>\n","protected":false},"excerpt":{"rendered":"<p>Dar\u00edo Ver\u00f3n, inmiscuido por en un nuevo suceso de discriminaci\u00f3n <\/p>\n","protected":false},"author":20,"featured_media":340443,"comment_status":"closed","ping_status":"closed","sticky":false,"template":"","format":"standard","meta":[],"categories":[2198,3845],"tags":[1328,284,3883,1403],"_links":{"self":[{"href":"http:\/\/desarrollo.grupomedios.com\/futbol\/wp-json\/wp\/v2\/posts\/340397"}],"collection":[{"href":"http:\/\/desarrollo.grupomedios.com\/futbol\/wp-json\/wp\/v2\/posts"}],"about":[{"href":"http:\/\/desarrollo.grupomedios.com\/futbol\/wp-json\/wp\/v2\/types\/post"}],"author":[{"embeddable":true,"href":"http:\/\/desarrollo.grupomedios.com\/futbol\/wp-json\/wp\/v2\/users\/20"}],"replies":[{"embeddable":true,"href":"http:\/\/desarrollo.grupomedios.com\/futbol\/wp-json\/wp\/v2\/comments?post=340397"}],"version-history":[{"count":0,"href":"http:\/\/desarrollo.grupomedios.com\/futbol\/wp-json\/wp\/v2\/posts\/340397\/revisions"}],"wp:featuredmedia":[{"embeddable":true,"href":"http:\/\/desarrollo.grupomedios.com\/futbol\/wp-json\/wp\/v2\/media\/340443"}],"wp:attachment":[{"href":"http:\/\/desarrollo.grupomedios.com\/futbol\/wp-json\/wp\/v2\/media?parent=340397"}],"wp:term":[{"taxonomy":"category","embeddable":true,"href":"http:\/\/desarrollo.grupomedios.com\/futbol\/wp-json\/wp\/v2\/categories?post=340397"},{"taxonomy":"post_tag","embeddable":true,"href":"http:\/\/desarrollo.grupomedios.com\/futbol\/wp-json\/wp\/v2\/tags?post=340397"}],"curies":[{"name":"wp","href":"https:\/\/api.w.org\/{rel}","templated":true}]}}