{"id":340647,"date":"2015-12-08T09:45:29","date_gmt":"2015-12-08T15:45:29","guid":{"rendered":"http:\/\/futboltotal.com.mx\/?p=340647"},"modified":"2015-12-08T09:47:09","modified_gmt":"2015-12-08T15:47:09","slug":"chicharito-supera-a-lewandowski-y-aubameyang","status":"publish","type":"post","link":"http:\/\/desarrollo.grupomedios.com\/futbol\/destacado-home\/chicharito-supera-a-lewandowski-y-aubameyang\/2015\/12","title":{"rendered":"Chicharito, supera a Lewandowski y Aubameyang"},"content":{"rendered":"<p><span style=\"color: #000000;\"><strong>Javier Chicharito Hern\u00e1ndez<\/strong> sigue sumando adeptos en su periplo por la Bundesliga. Su rendimiento en noviembre le permiti\u00f3 ser <strong><span style=\"color: #3366ff;\"><a style=\"color: #3366ff;\" href=\"http:\/\/futboltotal.com.mx\/2015\/12\/chicharito-jugador-del-mes-en-la-bundesliga\/\">galardonado como el mejor futbolista del mes<\/a><\/span><\/strong>\u00a0y con ello se ubica entre los mejores goleadores del certamen, en el sexto pelda\u00f1o (con siete goles) de una clasificaci\u00f3n que lidera Pierre Emerick Aubameyang con 17 anotaciones, perseguido por Robert Lewandoski con 14.<\/span><\/p>\n<p>La <strong>Bundesliga<\/strong> inici\u00f3 una din\u00e1mica este martes con la terna de Chicharito, Aubameyang y Lewandowski, una terna espectacular\u00a0con la que solo uno quedar\u00e1 como el \u00eddolo de la competici\u00f3n. De momento, la encuesta favorece al mexicano y por un margen muy amplio, \u00a0con el 68% de los votos. Le sigue el polaco con un 20% y Aubameyang luce en el fondo con un 12%.<\/p>\n<blockquote class=\"twitter-tweet\" lang=\"es\">\n<p dir=\"ltr\" lang=\"en\">Vote for your <a href=\"https:\/\/twitter.com\/hashtag\/BundesligaIdol?src=hash\">#BundesligaIdol<\/a> right here! Here&#8217;s the line-up for our first semi-final: <a href=\"https:\/\/t.co\/SGFp9oI4Rh\">https:\/\/t.co\/SGFp9oI4Rh<\/a><\/p>\n<p>\u2014 Bundesliga (@Bundesliga_EN) <a href=\"https:\/\/twitter.com\/Bundesliga_EN\/status\/674182296149303296\">diciembre 8, 2015<\/a><\/p><\/blockquote>\n<p><script src=\"\/\/platform.twitter.com\/widgets.js\" async=\"\" charset=\"utf-8\"><\/script><\/p>\n<p>Para el mi\u00e9rcoles se celebrar\u00e1 la segunda ronda de la din\u00e1mica. Ese d\u00eda competir\u00e1n Thomas M\u00fcller, Shinji Kagawa y Fabian Johnson. Al final solo dos elementos de los seis participantes disputar\u00e1n la final.<\/p>\n<p style=\"text-align: center;\"><strong><span style=\"color: #3366ff;\"><a style=\"color: #3366ff;\" href=\"http:\/\/futboltotal.com.mx\/2015\/12\/gol-de-chicharito-ante-el-hertha-berlin\/\">LEER M\u00c1S: Chicharito no para de hacer goles en la Bundesliga.<\/a><\/span><\/strong><\/p>\n<p style=\"text-align: center;\">\n<p>El Bayer Leverkusen tambi\u00e9n busca aumentar su romance con la comunidad mexicana de fan\u00e1ticos al equipo y para ello, puso a disposici\u00f3n del p\u00fablico un jersey de <strong>Chicharito<\/strong> al aficionado que se tome la mejor selfie mostrando su apoyo al equipo. <\/p>\n<blockquote class=\"twitter-tweet\" lang=\"es\">\n<p lang=\"es\" dir=\"ltr\">\u00a1Mu\u00e9stranos c\u00f3mo apoyas al <a href=\"https:\/\/twitter.com\/hashtag\/Bayer04?src=hash\">#Bayer04<\/a> !&#10;&#10;\u00a1Etiqu\u00e9tate en una selfie con <a href=\"https:\/\/twitter.com\/hashtag\/Bayer04ConTodo?src=hash\">#Bayer04ConTodo<\/a> y \u00a1gana un jersey de <a href=\"https:\/\/twitter.com\/CH14_\">@CH14_<\/a> ! <a href=\"https:\/\/t.co\/jCdOhAjbrE\">pic.twitter.com\/jCdOhAjbrE<\/a><\/p>\n<p>&mdash; Bayer 04 Leverkusen (@bayer04_es) <a href=\"https:\/\/twitter.com\/bayer04_es\/status\/673971557191065605\">diciembre 7, 2015<\/a><\/p><\/blockquote>\n<p><script async src=\"\/\/platform.twitter.com\/widgets.js\" charset=\"utf-8\"><\/script><\/p>\n","protected":false},"excerpt":{"rendered":"<p>El mexicano lidera una votaci\u00f3n para escoger al h\u00e9roe de la Bundesliga <\/p>\n","protected":false},"author":20,"featured_media":332009,"comment_status":"closed","ping_status":"closed","sticky":false,"template":"","format":"standard","meta":[],"categories":[5,3839],"tags":[5861,119,120,5051],"_links":{"self":[{"href":"http:\/\/desarrollo.grupomedios.com\/futbol\/wp-json\/wp\/v2\/posts\/340647"}],"collection":[{"href":"http:\/\/desarrollo.grupomedios.com\/futbol\/wp-json\/wp\/v2\/posts"}],"about":[{"href":"http:\/\/desarrollo.grupomedios.com\/futbol\/wp-json\/wp\/v2\/types\/post"}],"author":[{"embeddable":true,"href":"http:\/\/desarrollo.grupomedios.com\/futbol\/wp-json\/wp\/v2\/users\/20"}],"replies":[{"embeddable":true,"href":"http:\/\/desarrollo.grupomedios.com\/futbol\/wp-json\/wp\/v2\/comments?post=340647"}],"version-history":[{"count":0,"href":"http:\/\/desarrollo.grupomedios.com\/futbol\/wp-json\/wp\/v2\/posts\/340647\/revisions"}],"wp:featuredmedia":[{"embeddable":true,"href":"http:\/\/desarrollo.grupomedios.com\/futbol\/wp-json\/wp\/v2\/media\/332009"}],"wp:attachment":[{"href":"http:\/\/desarrollo.grupomedios.com\/futbol\/wp-json\/wp\/v2\/media?parent=340647"}],"wp:term":[{"taxonomy":"category","embeddable":true,"href":"http:\/\/desarrollo.grupomedios.com\/futbol\/wp-json\/wp\/v2\/categories?post=340647"},{"taxonomy":"post_tag","embeddable":true,"href":"http:\/\/desarrollo.grupomedios.com\/futbol\/wp-json\/wp\/v2\/tags?post=340647"}],"curies":[{"name":"wp","href":"https:\/\/api.w.org\/{rel}","templated":true}]}}