{"id":340789,"date":"2015-12-08T15:49:57","date_gmt":"2015-12-08T21:49:57","guid":{"rendered":"http:\/\/futboltotal.com.mx\/?p=340789"},"modified":"2015-12-08T15:50:12","modified_gmt":"2015-12-08T21:50:12","slug":"neymar-sufre-lesion-muscular","status":"publish","type":"post","link":"http:\/\/desarrollo.grupomedios.com\/futbol\/futbol-internacional\/neymar-sufre-lesion-muscular\/2015\/12","title":{"rendered":"Neymar sufre lesi\u00f3n muscular"},"content":{"rendered":"<p><strong>Neymar<\/strong> sufri\u00f3 una lesi\u00f3n muscular durante el entrenamiento de este martes. Y ante ello, el astro del <strong>Barcelona<\/strong> se perder\u00e1 el duelo de este mi\u00e9rcoles contra el <strong>Bayer Leverkusen<\/strong>, en el cierre de la fase de grupos de la <strong>Champions League<\/strong>.<\/p>\n<p>\u201cEl jugador brasile\u00f1o ha sufrido esta noche una peque\u00f1a lesi\u00f3n fibrilar en el aductor de la pierna izquierda y la evoluci\u00f3n de la lesi\u00f3n marcar\u00e1 la disponibilidad para los pr\u00f3ximos partidos\u201d, apunt\u00f3 el cuadro <em>blaugrana<\/em> sobre el estado f\u00edsico del <strong>Neymar<\/strong>.<\/p>\n<p style=\"text-align: center;\"><span style=\"color: #3366ff;\"><strong><a style=\"color: #3366ff;\" href=\"http:\/\/futboltotal.com.mx\/2015\/12\/neymar-obligaria-la-salida-de-messi-del-barcelona\/\">LEER M\u00c1S: Neymar obligar\u00eda la salida de Messi del Barcelona<\/a><\/strong><\/span><\/p>\n<p>\u201cLa peque\u00f1a lesi\u00f3n que ha sufrido <strong>Neymar<\/strong> se ha producido justo cuando el brasile\u00f1o est\u00e1 en un gran momento de forma y siendo una de las principales referencias atacantes del equipo. El delantero es el actual m\u00e1ximo goleador de la Liga, con 14 dianas\u201d, agreg\u00f3 la entidad <em>cul\u00e9<\/em>.<\/p>\n<p>El <strong>Barcelona<\/strong> no especifica por cu\u00e1nto tiempo ser\u00e1 baja el <em>crack<\/em> brasile\u00f1o, aunque es un hecho que no jugar\u00e1 contra el Leverkusen. Sin embargo, se mantienen encendidos los focos rojos de cara el Mundial de Clubes, justa donde el <em>Bar\u00e7a<\/em> debutar\u00e1 el 17 de diciembre, dentro de nueve d\u00edas.<\/p>\n<p style=\"text-align: center;\"><span style=\"color: #3366ff;\"><strong><a style=\"color: #3366ff;\" href=\"http:\/\/futboltotal.com.mx\/2015\/11\/cinco-razones-por-las-que-neymar-merece-el-balon-de-oro\/\">LEER M\u00c1S: 5 razones por las que Neymar merece el Bal\u00f3n de Oro<\/a><\/strong><\/span><\/p>\n<p>El <strong>Barcelona<\/strong> record\u00f3 que la \u00faltima baja m\u00e9dica de <strong>Neymar<\/strong> se produjo a principios de temporada, por unas paperas que le impidieron jugar la Supercopa de Europa, la Supercopa de Espa\u00f1a y la primera jornada de la Liga.<\/p>\n<p>\u201cDesde entonces, ha jugado 18 de los 20 partidos posibles (no particip\u00f3 en la eliminatoria de Copa ante el Villanovense). En total, este curso 2015-16 acumula 16 goles en 18 participaciones\u201d, apunt\u00f3 el club <em>cul\u00e9<\/em>.<\/p>\n","protected":false},"excerpt":{"rendered":"<p>El astro del Barcelona no jugar\u00e1 ante el Bayer Leverkusen<\/p>\n","protected":false},"author":20,"featured_media":340792,"comment_status":"closed","ping_status":"closed","sticky":false,"template":"","format":"standard","meta":[],"categories":[3841,3839,5951],"tags":[97,6001],"_links":{"self":[{"href":"http:\/\/desarrollo.grupomedios.com\/futbol\/wp-json\/wp\/v2\/posts\/340789"}],"collection":[{"href":"http:\/\/desarrollo.grupomedios.com\/futbol\/wp-json\/wp\/v2\/posts"}],"about":[{"href":"http:\/\/desarrollo.grupomedios.com\/futbol\/wp-json\/wp\/v2\/types\/post"}],"author":[{"embeddable":true,"href":"http:\/\/desarrollo.grupomedios.com\/futbol\/wp-json\/wp\/v2\/users\/20"}],"replies":[{"embeddable":true,"href":"http:\/\/desarrollo.grupomedios.com\/futbol\/wp-json\/wp\/v2\/comments?post=340789"}],"version-history":[{"count":0,"href":"http:\/\/desarrollo.grupomedios.com\/futbol\/wp-json\/wp\/v2\/posts\/340789\/revisions"}],"wp:featuredmedia":[{"embeddable":true,"href":"http:\/\/desarrollo.grupomedios.com\/futbol\/wp-json\/wp\/v2\/media\/340792"}],"wp:attachment":[{"href":"http:\/\/desarrollo.grupomedios.com\/futbol\/wp-json\/wp\/v2\/media?parent=340789"}],"wp:term":[{"taxonomy":"category","embeddable":true,"href":"http:\/\/desarrollo.grupomedios.com\/futbol\/wp-json\/wp\/v2\/categories?post=340789"},{"taxonomy":"post_tag","embeddable":true,"href":"http:\/\/desarrollo.grupomedios.com\/futbol\/wp-json\/wp\/v2\/tags?post=340789"}],"curies":[{"name":"wp","href":"https:\/\/api.w.org\/{rel}","templated":true}]}}