{"id":340915,"date":"2015-12-09T10:52:26","date_gmt":"2015-12-09T16:52:26","guid":{"rendered":"http:\/\/futboltotal.com.mx\/?p=340915"},"modified":"2015-12-09T10:57:38","modified_gmt":"2015-12-09T16:57:38","slug":"entre-los-descartes-del-malaga","status":"publish","type":"post","link":"http:\/\/desarrollo.grupomedios.com\/futbol\/futbol-internacional\/entre-los-descartes-del-malaga\/2015\/12","title":{"rendered":"Memo Ochoa, \u00bfentre los descartes del M\u00e1laga?"},"content":{"rendered":"<p>Guillermo<strong> Ochoa<\/strong> vuelve a ser protagonista con antelaci\u00f3n en el mercado invernal. Una semana despu\u00e9s de haber debutado en la Copa del Rey, el mexicano vuelve a sonar fuera del M\u00e1laga, donde est\u00e1 condenado a no tener actividad en liga ante la presencia del camerun\u00e9s Carlos Kameni, a quien no ha desbancado de la titularidad despu\u00e9s de casi temporada y media.<\/p>\n<p>La prensa espa\u00f1ola especula con la posible salida del portero mexicano el pr\u00f3ximo mes de enero pese a que tiene contrato hasta 2017. Aun no hay ofertas en firme, tanto el M\u00e1laga como<em> Paco Memo<\/em> tendr\u00edan inter\u00e9s en que se diera un cambio de equipo, toda vez que el club busca reducir considerablemente la n\u00f3mina salarial -le quedan solo 900 mil euros disponibles &#8211; en la que Ochoa puntea como uno de los mejor pagados.<\/p>\n<p style=\"text-align: center;\"><span style=\"color: #3366ff;\"><strong><a style=\"color: #3366ff;\" href=\"http:\/\/futboltotal.com.mx\/?s=Ochoa\">LEER M\u00c1S: Todas las noticias de Ochoa<\/a> <\/strong><\/span><\/p>\n<p>Si <strong>Ochoa<\/strong> se marcha, el conjunto andaluz podr\u00eda pensar en colocar como segundo arquero a Aar\u00f3n Escandell, seg\u00fan el reporte del portal <em>Don Bal\u00f3n. <\/em>Adem\u00e1s del internacional mexicano quienes tendr\u00edan un resquicio para salir del club son el delantero Duje Cop -cedido por el Cagliari-, el mediocampista Fabio Espinho y el defensa Egor Filipenko. El com\u00fan denominador de todos es la falta de actividad bajo la gesti\u00f3n del t\u00e9cnico Javi Gracia.<\/p>\n<p>El pasado verano, el M\u00e1laga dej\u00f3 claro que ten\u00eda la firme intenci\u00f3n de mantener a <strong>Ochoa<\/strong> en sus filas pese a que no ten\u00eda actividad, pues al finalizar esta temporada dejar\u00eda de ocupar plaza de extracomunitario. Si el arquero se queda, al fin de curso le quedar\u00e1 solo un a\u00f1o de contrato y el club tendr\u00e1 dos opciones: negociar su traspaso por una decorosa cifra o renovarlo y darle salida por una cifra mayor a los cinco millones de euros en los que esta tasado actualmente.<\/p>\n","protected":false},"excerpt":{"rendered":"<p>El mexicano no ve la suya con los Boquerones de cara al mercado invernal<\/p>\n","protected":false},"author":20,"featured_media":324151,"comment_status":"closed","ping_status":"closed","sticky":false,"template":"","format":"standard","meta":[],"categories":[3839,3844,5951],"tags":[5991,306],"_links":{"self":[{"href":"http:\/\/desarrollo.grupomedios.com\/futbol\/wp-json\/wp\/v2\/posts\/340915"}],"collection":[{"href":"http:\/\/desarrollo.grupomedios.com\/futbol\/wp-json\/wp\/v2\/posts"}],"about":[{"href":"http:\/\/desarrollo.grupomedios.com\/futbol\/wp-json\/wp\/v2\/types\/post"}],"author":[{"embeddable":true,"href":"http:\/\/desarrollo.grupomedios.com\/futbol\/wp-json\/wp\/v2\/users\/20"}],"replies":[{"embeddable":true,"href":"http:\/\/desarrollo.grupomedios.com\/futbol\/wp-json\/wp\/v2\/comments?post=340915"}],"version-history":[{"count":0,"href":"http:\/\/desarrollo.grupomedios.com\/futbol\/wp-json\/wp\/v2\/posts\/340915\/revisions"}],"wp:featuredmedia":[{"embeddable":true,"href":"http:\/\/desarrollo.grupomedios.com\/futbol\/wp-json\/wp\/v2\/media\/324151"}],"wp:attachment":[{"href":"http:\/\/desarrollo.grupomedios.com\/futbol\/wp-json\/wp\/v2\/media?parent=340915"}],"wp:term":[{"taxonomy":"category","embeddable":true,"href":"http:\/\/desarrollo.grupomedios.com\/futbol\/wp-json\/wp\/v2\/categories?post=340915"},{"taxonomy":"post_tag","embeddable":true,"href":"http:\/\/desarrollo.grupomedios.com\/futbol\/wp-json\/wp\/v2\/tags?post=340915"}],"curies":[{"name":"wp","href":"https:\/\/api.w.org\/{rel}","templated":true}]}}