{"id":340916,"date":"2015-12-09T10:48:03","date_gmt":"2015-12-09T16:48:03","guid":{"rendered":"http:\/\/futboltotal.com.mx\/?p=340916"},"modified":"2015-12-12T09:57:41","modified_gmt":"2015-12-12T15:57:41","slug":"leon-roba-refuerzo-al-america","status":"publish","type":"post","link":"http:\/\/desarrollo.grupomedios.com\/futbol\/futbol-mexicano\/leon-roba-refuerzo-al-america\/2015\/12","title":{"rendered":"Le\u00f3n &#8220;robar\u00eda&#8221; refuerzo al Am\u00e9rica"},"content":{"rendered":"<p>Ha trascendido que los Esmeraldas de <strong>Le\u00f3n<\/strong> ya comenzaron a abrir la cartera en cuanto a contrataciones se refiere, y parece que lo habr\u00edan hecho de manera fuerte, al haber desembolsado 8 millones de d\u00f3lares por <strong>Miller Bola\u00f1os<\/strong>, jugador ecuatoriano que, parec\u00eda, llegar\u00eda a las filas de las \u00c1guilas del <strong>Am\u00e9rica<\/strong>.<\/p>\n<p>A pesar de que se manejaron tales cifras en el transcurso de esta ma\u00f1ana, \u00a0el representante del delantero, Jos\u00e9 Chamorro, habl\u00f3 para <em>Mediotiempo.com<\/em>, donde dej\u00f3 en claro que a\u00fan no hay ninguna propuesta formal por parte del futbol mexicano, pero que s\u00ed existe un inter\u00e9s grande, tanto de equipos nacionales hacia el jugador, como de Bola\u00f1os por integrar la Liga MX.<\/p>\n<p>\u201cNo tenemos ninguna propuesta, son rumores que nos han llegado pero no hay ninguna oferta formal. Inter\u00e9s s\u00ed hay, pero ninguna oferta formal. Yo estar\u00eda muy gustoso de que pueda venir para ac\u00e1 pero no solamente pasa por m\u00ed, pasa m\u00e1s por el club&#8221;, declar\u00f3 Chamorro.<\/p>\n<p style=\"text-align: center;\"><strong><span style=\"color: #3366ff;\"><a style=\"color: #3366ff;\" href=\"http:\/\/futboltotal.com.mx\/2015\/11\/america-busca-a-miller-bolanos-de-refuerzo\/\">LEER M\u00c1S: Am\u00e9rica busca a Miller Bola\u00f1os de refuerzo<\/a><\/span><\/strong><\/p>\n<p>De confirmarse la incorporaci\u00f3n, el a\u00fan elemento del Emelec de Ecuador, y seleccionado con su pa\u00eds, ser\u00eda en breve anunciado por la directiva del conjunto de la <em>Fiera<\/em>, y estar\u00e1 al servicio de los felinos a partir del Clausura 2016, para cubrir la salida de Carlos <em>Gullit<\/em> Pe\u00f1a<\/p>\n<p><strong>Miller Bola\u00f1os<\/strong> hab\u00eda estado en la mira del conjunto americanista desde hace varios meses; y de hecho se esperaba que fuera una de las incorporaciones para el conjunto de Coapa, una vez que concluyera la participaci\u00f3n en el Mundial de Clubes, sin embargo, el conjunto del <strong>Le\u00f3n<\/strong> les habr\u00eda ganado el fichaje.<\/p>\n","protected":false},"excerpt":{"rendered":"<p>El conjunto Esmeralda tendr\u00e1 los servicios de Miller Bola\u00f1os<\/p>\n","protected":false},"author":20,"featured_media":340917,"comment_status":"closed","ping_status":"closed","sticky":false,"template":"","format":"standard","meta":[],"categories":[2198,3845,5950],"tags":[5959,5965,6568],"_links":{"self":[{"href":"http:\/\/desarrollo.grupomedios.com\/futbol\/wp-json\/wp\/v2\/posts\/340916"}],"collection":[{"href":"http:\/\/desarrollo.grupomedios.com\/futbol\/wp-json\/wp\/v2\/posts"}],"about":[{"href":"http:\/\/desarrollo.grupomedios.com\/futbol\/wp-json\/wp\/v2\/types\/post"}],"author":[{"embeddable":true,"href":"http:\/\/desarrollo.grupomedios.com\/futbol\/wp-json\/wp\/v2\/users\/20"}],"replies":[{"embeddable":true,"href":"http:\/\/desarrollo.grupomedios.com\/futbol\/wp-json\/wp\/v2\/comments?post=340916"}],"version-history":[{"count":0,"href":"http:\/\/desarrollo.grupomedios.com\/futbol\/wp-json\/wp\/v2\/posts\/340916\/revisions"}],"wp:featuredmedia":[{"embeddable":true,"href":"http:\/\/desarrollo.grupomedios.com\/futbol\/wp-json\/wp\/v2\/media\/340917"}],"wp:attachment":[{"href":"http:\/\/desarrollo.grupomedios.com\/futbol\/wp-json\/wp\/v2\/media?parent=340916"}],"wp:term":[{"taxonomy":"category","embeddable":true,"href":"http:\/\/desarrollo.grupomedios.com\/futbol\/wp-json\/wp\/v2\/categories?post=340916"},{"taxonomy":"post_tag","embeddable":true,"href":"http:\/\/desarrollo.grupomedios.com\/futbol\/wp-json\/wp\/v2\/tags?post=340916"}],"curies":[{"name":"wp","href":"https:\/\/api.w.org\/{rel}","templated":true}]}}