{"id":341315,"date":"2015-12-10T13:46:53","date_gmt":"2015-12-10T19:46:53","guid":{"rendered":"http:\/\/futboltotal.com.mx\/?p=341315"},"modified":"2015-12-10T14:13:21","modified_gmt":"2015-12-10T20:13:21","slug":"jona-dos-santos-anota-en-europa-league","status":"publish","type":"post","link":"http:\/\/desarrollo.grupomedios.com\/futbol\/destacado-home\/jona-dos-santos-anota-en-europa-league\/2015\/12","title":{"rendered":"Jona marca golazo en Europa League"},"content":{"rendered":"<p>El mexicano <strong>Jonathan dos Santos<\/strong> anot\u00f3 su primer gol de la temporada 2015-16 en el partido de este jueves, ante el Viktoria Plzen, en la sexta jornada de la <strong>Europa League<\/strong>, donde el Villarreal empat\u00f3 3-3 de \u00faltimo minuto y clasific\u00f3 a la siguiente fase como segundo lugar del Grupo E.<\/p>\n<p>Al minuto 62, cuando el marcador estaba empatado 1-1, tras los tantos de Kolar (8&#8242;) y Bakambu (40&#8242;), el mediocampista <em>azteca,<\/em> titular en el partido, apareci\u00f3 por el costado derecho y sac\u00f3 un derechazo fuera del \u00e1rea con el que refundi\u00f3 el esf\u00e9rico a segundo poste. El fogonazo fue un tiro centro. pr\u00e1cticamente sin \u00e1ngulo.<\/p>\n<p>As\u00ed, <strong>Jona dos Santos<\/strong> consigui\u00f3 estrenarse como goleador del certamen en su quinto partido del curso y, de paso, lleg\u00f3 a nueve anotaciones en su periplo europeo; cuatro de ellas &#8211; dos en Liga, uno en Copa del Rey y uno en Europa League- han sido con el Villarreal<strong>.<\/strong><\/p>\n<p><strong>Dos Santos<\/strong> ayud\u00f3 a rescatar a su equipo tras un partido complicado en el que el \u00e1rbitro pit\u00f3 un penal inexistente al minuto 7 que convirti\u00f3 Kolar y en el que Viktoria Plzen casi se lleva la victoria con un par de goles al 65 y 90 de de Kovarik y Horava, respectivamente.<\/p>\n<p>Sin embargo en tiempo a\u00f1adido, el Villarreal sac\u00f3 la casta y Bruno Soriano sentenci\u00f3 el 3-3 con el cual Villarreal lleg\u00f3 a 13 puntos, dos menos que el Rapid Viena, que venci\u00f3 2-1 al Dinamo Minsk, y consigui\u00f3 avanzar a los Dieciseisavos de Final.<br \/>\n<iframe loading=\"lazy\" src=\"\/\/www.dailymotion.com\/embed\/video\/x3hnlme\" frameborder=\"0\" allowfullscreen=\"allowfullscreen\"><\/iframe><\/p>\n","protected":false},"excerpt":{"rendered":"<p>El mexicano consigue su primer tanto la UEL en la igualada 3-3 ante el Vikctoria Plzen<\/p>\n","protected":false},"author":20,"featured_media":341335,"comment_status":"closed","ping_status":"closed","sticky":false,"template":"","format":"standard","meta":[],"categories":[5,3839,5951],"tags":[516,48,2607],"_links":{"self":[{"href":"http:\/\/desarrollo.grupomedios.com\/futbol\/wp-json\/wp\/v2\/posts\/341315"}],"collection":[{"href":"http:\/\/desarrollo.grupomedios.com\/futbol\/wp-json\/wp\/v2\/posts"}],"about":[{"href":"http:\/\/desarrollo.grupomedios.com\/futbol\/wp-json\/wp\/v2\/types\/post"}],"author":[{"embeddable":true,"href":"http:\/\/desarrollo.grupomedios.com\/futbol\/wp-json\/wp\/v2\/users\/20"}],"replies":[{"embeddable":true,"href":"http:\/\/desarrollo.grupomedios.com\/futbol\/wp-json\/wp\/v2\/comments?post=341315"}],"version-history":[{"count":0,"href":"http:\/\/desarrollo.grupomedios.com\/futbol\/wp-json\/wp\/v2\/posts\/341315\/revisions"}],"wp:featuredmedia":[{"embeddable":true,"href":"http:\/\/desarrollo.grupomedios.com\/futbol\/wp-json\/wp\/v2\/media\/341335"}],"wp:attachment":[{"href":"http:\/\/desarrollo.grupomedios.com\/futbol\/wp-json\/wp\/v2\/media?parent=341315"}],"wp:term":[{"taxonomy":"category","embeddable":true,"href":"http:\/\/desarrollo.grupomedios.com\/futbol\/wp-json\/wp\/v2\/categories?post=341315"},{"taxonomy":"post_tag","embeddable":true,"href":"http:\/\/desarrollo.grupomedios.com\/futbol\/wp-json\/wp\/v2\/tags?post=341315"}],"curies":[{"name":"wp","href":"https:\/\/api.w.org\/{rel}","templated":true}]}}