{"id":341327,"date":"2015-12-10T14:21:12","date_gmt":"2015-12-10T20:21:12","guid":{"rendered":"http:\/\/futboltotal.com.mx\/?p=341327"},"modified":"2015-12-10T19:13:06","modified_gmt":"2015-12-11T01:13:06","slug":"giovani-dos-santos-impactado-por-gol-de-jona","status":"publish","type":"post","link":"http:\/\/desarrollo.grupomedios.com\/futbol\/futbol-internacional\/giovani-dos-santos-impactado-por-gol-de-jona\/2015\/12","title":{"rendered":"Giovani Dos Santos, impactado por gol de Jona"},"content":{"rendered":"<p><strong>Jonathan Dos Santos<\/strong> se mand\u00f3 con un golazo en su enfrentamiento, con el <strong>Villarreal<\/strong>, ante el Viktoria Plze\u0148; lamentablemente no fue suficiente para que su equipo consiguiera la victoria, ya que el encuentro termin\u00f3 con empate a 3 en el duelo de <strong>Europa League<\/strong>. Eso no dej\u00f3 que su familia lo siguiera apoyando\u00a0a la distancia, y as\u00ed lo demostr\u00f3 su hermano mayor, <strong>Giovani Dos Santos<\/strong>.<\/p>\n<p style=\"text-align: center;\"><strong><span style=\"color: #3366ff;\"><a style=\"color: #3366ff;\" href=\"http:\/\/futboltotal.com.mx\/2015\/12\/jona-dos-santos-anota-en-europa-league\/\">LEER M\u00c1S: Jona Dos Santos anota en Europa League<\/a><\/span><\/strong><\/p>\n<p>El jugador de Los \u00c1ngeles Galaxy sigui\u00f3 los pasos de su hermano en el certamen continental, y se qued\u00f3 impactado por la anotaci\u00f3n, que signific\u00f3 el 2-1 moment\u00e1neo para el <em>Submarino Amarillo<\/em>; as\u00ed lo dej\u00f3 en claro en su cuenta oficial de <em>Twitter<\/em>.<\/p>\n<blockquote class=\"twitter-tweet\" width=\"500\">\n<p lang=\"es\" dir=\"ltr\">Que gol !!! Grande irmao ??<a href=\"https:\/\/twitter.com\/jona2santos\">@jona2santos<\/a>  ??<\/p>\n<p>&mdash; Giovani Dos Santos (@OficialGio) <a href=\"https:\/\/twitter.com\/OficialGio\/status\/675034998706171905\">December 10, 2015<\/a><\/p><\/blockquote>\n<p><script async src=\"\/\/platform.twitter.com\/widgets.js\" charset=\"utf-8\"><\/script><\/p>\n<p>El mismo mensaje fue respondido por varios de sus seguidores; en donde felicitan al menor de los Dos Santos por su anotaci\u00f3n, adem\u00e1s de mensajes extras, donde los usuarios piden el retorno de <em>Gio<\/em> al futbol europeo, entre muchos m\u00e1s.<\/p>\n","protected":false},"excerpt":{"rendered":"<p>El mayor de los Dos Santos se queda con el ojo cuadrado<\/p>\n","protected":false},"author":20,"featured_media":341340,"comment_status":"closed","ping_status":"closed","sticky":false,"template":"","format":"standard","meta":[],"categories":[3857,3839,5951],"tags":[516,5982,48,2607],"_links":{"self":[{"href":"http:\/\/desarrollo.grupomedios.com\/futbol\/wp-json\/wp\/v2\/posts\/341327"}],"collection":[{"href":"http:\/\/desarrollo.grupomedios.com\/futbol\/wp-json\/wp\/v2\/posts"}],"about":[{"href":"http:\/\/desarrollo.grupomedios.com\/futbol\/wp-json\/wp\/v2\/types\/post"}],"author":[{"embeddable":true,"href":"http:\/\/desarrollo.grupomedios.com\/futbol\/wp-json\/wp\/v2\/users\/20"}],"replies":[{"embeddable":true,"href":"http:\/\/desarrollo.grupomedios.com\/futbol\/wp-json\/wp\/v2\/comments?post=341327"}],"version-history":[{"count":0,"href":"http:\/\/desarrollo.grupomedios.com\/futbol\/wp-json\/wp\/v2\/posts\/341327\/revisions"}],"wp:featuredmedia":[{"embeddable":true,"href":"http:\/\/desarrollo.grupomedios.com\/futbol\/wp-json\/wp\/v2\/media\/341340"}],"wp:attachment":[{"href":"http:\/\/desarrollo.grupomedios.com\/futbol\/wp-json\/wp\/v2\/media?parent=341327"}],"wp:term":[{"taxonomy":"category","embeddable":true,"href":"http:\/\/desarrollo.grupomedios.com\/futbol\/wp-json\/wp\/v2\/categories?post=341327"},{"taxonomy":"post_tag","embeddable":true,"href":"http:\/\/desarrollo.grupomedios.com\/futbol\/wp-json\/wp\/v2\/tags?post=341327"}],"curies":[{"name":"wp","href":"https:\/\/api.w.org\/{rel}","templated":true}]}}