{"id":341464,"date":"2015-12-11T09:31:17","date_gmt":"2015-12-11T15:31:17","guid":{"rendered":"http:\/\/futboltotal.com.mx\/?p=341464"},"modified":"2015-12-11T09:31:17","modified_gmt":"2015-12-11T15:31:17","slug":"dt-del-bayer-opino-sobre-pleito-chicharito-bellarabi","status":"publish","type":"post","link":"http:\/\/desarrollo.grupomedios.com\/futbol\/futbol-internacional\/dt-del-bayer-opino-sobre-pleito-chicharito-bellarabi\/2015\/12","title":{"rendered":"DT del Bayer opin\u00f3 sobre pleito Chicharito-Bellarabi"},"content":{"rendered":"<p>Bayer Leverkusen domin\u00f3 a un Barcelona plagado de suplentes el pasado mi\u00e9rcoles y <span style=\"color: #3366ff;\"><a style=\"color: #3366ff;\" href=\"http:\/\/futboltotal.com.mx\/2015\/12\/en-vivo-bayer-leverkusen-vs-barcelona-champions\/\">se qued\u00f3 a un gol de clasificarse<\/a><\/span> a los octavos de final de la Champions League. En la jugada final, estuvo m\u00e1s que accesible el tan anhelado gol, pero con <strong>Chicharito<\/strong> sin marca, Karim Bellarabi opt\u00f3 por ser el h\u00e9roe y dispar\u00f3 al marco defendido por Ter Stegen pese a contar con dos en la marca, lo que <span style=\"color: #3366ff;\"><a style=\"color: #3366ff;\" href=\"http:\/\/futboltotal.com.mx\/2015\/12\/chicharito-enfurecio-con-bellarabi\/\">provoc\u00f3 la ira del internacional mexicano<\/a><\/span>.<\/p>\n<p>El incidente no pas\u00f3 a mayores gracias a la intervenci\u00f3n del silbante. Roger Schmidt, estratega de las Aspirinas, opin\u00f3 sobre el pleito Chicharito-Bellarabi, rest\u00e1ndole importancia al incidente y agregando que es algo normal.<\/p>\n<p>&#8220;Para m\u00ed esto no es un problema, pero da una buena se\u00f1al. Si una discusi\u00f3n se da sobre el c\u00e9sped, eso es perfectamente normal. Los chicos platicaron justo despu\u00e9s del partido entre s\u00ed y hemos hablado brevemente en la reuni\u00f3n del equipo al respecto, ya que el asunto fue resuelto de inmediato&#8221;, acot\u00f3 a medios alemanes.<\/p>\n<p>El reclamo del <strong>Chicharito<\/strong> llam\u00f3 la atenci\u00f3n por la manera tan efusiva en que se expres\u00f3. De hecho, la acci\u00f3n se torn\u00f3 a\u00fan m\u00e1s medi\u00e1tica por la popularidad del mexicano y alg\u00fan compatriota no dud\u00f3 en trollear a Bellarabi por medio de Wikipedia, aunque horas despu\u00e9s todo fue corregido.<\/p>\n<p><a href=\"http:\/\/futboltotal.com.mx\/wp-content\/uploads\/2015\/12\/El-trolleo-a-Bellarabi.jpg\"><img decoding=\"async\" loading=\"lazy\" class=\"alignnone size-full wp-image-341467\" src=\"http:\/\/futboltotal.com.mx\/wp-content\/uploads\/2015\/12\/El-trolleo-a-Bellarabi.jpg\" alt=\"El trolleo a Bellarabi\" srcset=\"http:\/\/desarrollo.grupomedios.com\/futbol\/wp-content\/uploads\/2015\/12\/El-trolleo-a-Bellarabi.jpg 820w, http:\/\/desarrollo.grupomedios.com\/futbol\/wp-content\/uploads\/2015\/12\/El-trolleo-a-Bellarabi-300x201.jpg 300w\" sizes=\"(max-width: 820px) 100vw, 820px\" \/><\/a><\/p>\n<p style=\"text-align: center;\"><strong><span style=\"color: #3366ff;\">L<a style=\"color: #3366ff;\" href=\"http:\/\/futboltotal.com.mx\/2015\/12\/tecatito-mas-efectivo-que-chicharito\/\">EER M\u00e1s: Tecatito, m\u00e1s efectivo que Chicharito.<\/a><\/span><\/strong><\/p>\n<p>&nbsp;<\/p>\n<p>&nbsp;<\/p>\n","protected":false},"excerpt":{"rendered":"<p>Roger Schmidt indic\u00f3 que se trata de una buena se\u00f1al <\/p>\n","protected":false},"author":20,"featured_media":341465,"comment_status":"closed","ping_status":"closed","sticky":false,"template":"","format":"standard","meta":[],"categories":[3839,5951],"tags":[4335,120,6573,6574],"_links":{"self":[{"href":"http:\/\/desarrollo.grupomedios.com\/futbol\/wp-json\/wp\/v2\/posts\/341464"}],"collection":[{"href":"http:\/\/desarrollo.grupomedios.com\/futbol\/wp-json\/wp\/v2\/posts"}],"about":[{"href":"http:\/\/desarrollo.grupomedios.com\/futbol\/wp-json\/wp\/v2\/types\/post"}],"author":[{"embeddable":true,"href":"http:\/\/desarrollo.grupomedios.com\/futbol\/wp-json\/wp\/v2\/users\/20"}],"replies":[{"embeddable":true,"href":"http:\/\/desarrollo.grupomedios.com\/futbol\/wp-json\/wp\/v2\/comments?post=341464"}],"version-history":[{"count":0,"href":"http:\/\/desarrollo.grupomedios.com\/futbol\/wp-json\/wp\/v2\/posts\/341464\/revisions"}],"wp:featuredmedia":[{"embeddable":true,"href":"http:\/\/desarrollo.grupomedios.com\/futbol\/wp-json\/wp\/v2\/media\/341465"}],"wp:attachment":[{"href":"http:\/\/desarrollo.grupomedios.com\/futbol\/wp-json\/wp\/v2\/media?parent=341464"}],"wp:term":[{"taxonomy":"category","embeddable":true,"href":"http:\/\/desarrollo.grupomedios.com\/futbol\/wp-json\/wp\/v2\/categories?post=341464"},{"taxonomy":"post_tag","embeddable":true,"href":"http:\/\/desarrollo.grupomedios.com\/futbol\/wp-json\/wp\/v2\/tags?post=341464"}],"curies":[{"name":"wp","href":"https:\/\/api.w.org\/{rel}","templated":true}]}}