{"id":341475,"date":"2015-12-11T10:37:41","date_gmt":"2015-12-11T16:37:41","guid":{"rendered":"http:\/\/futboltotal.com.mx\/?p=341475"},"modified":"2015-12-11T10:37:41","modified_gmt":"2015-12-11T16:37:41","slug":"el-mensaje-de-jorge-vergara-a-gullit-pena","status":"publish","type":"post","link":"http:\/\/desarrollo.grupomedios.com\/futbol\/destacado-home\/el-mensaje-de-jorge-vergara-a-gullit-pena\/2015\/12","title":{"rendered":"El mensaje de Jorge Vergara a Gullit Pe\u00f1a"},"content":{"rendered":"<p>El flamante refuerzo de <strong>Chivas<\/strong> arrib\u00f3 a Guadalajara. Tras temporadas y temporadas de batallar por hacerse con Gullit Pea\u00f1a, Jorge Vergara <strong><span style=\"color: #3366ff;\"><a style=\"color: #3366ff;\" href=\"http:\/\/futboltotal.com.mx\/2015\/12\/oficial-gullit-pena-refuerzo-de-chivas\/\">logr\u00f3 cumplir su deseo<\/a><\/span><\/strong> y el de Mat\u00edas Almeyda a \u00faltimas fechas.<\/p>\n<p>A\u00a0su despedida del Le\u00f3n, club con el que consigui\u00f3 un ascenso y un bicampeonato en la Liga MX, Carlos Pe\u00f1a se mostr\u00f3 sentimental, inclusive con l\u00e1grimas por su despedida. Eso para <strong>Jorge Vergara<\/strong> no representa ning\u00fan inconveniente y asegur\u00f3 que pronto sentir\u00e1 el mismo cari\u00f1o por las Chivas, donde espera que marque una \u00e9poca el futbolista de 25 a\u00f1os.<\/p>\n<p>&#8220;Creo que s\u00ed, la verdad de las cosas es que respeto mucho a Le\u00f3n, estuvo muy bien en Le\u00f3n, le fue muy bien ah\u00ed pero yo s\u00e9 que se va a enamorar muy r\u00e1pido de Chivas&#8221;, relat\u00f3 Vergara a <em>ESPN<\/em>. El mandatario abund\u00f3 en las razones de su despedida tan emocional.<\/p>\n<p>&#8220;Creo que es normal que \u00e9l diga eso, pienso que fue por la afici\u00f3n, pero al final de cuentas \u00e9l decidi\u00f3 venir a Chivas, si no, no lo hubi\u00e9ramos comprado&#8221;, exclam\u00f3.<\/p>\n<p>Jorge Vergara tambi\u00e9n se expres\u00f3 sobre los rumores que ubican a Marco Fabi\u00e1n lejos de Chivas, aludiendo a que est\u00e1n equivocados pues el futuro del <em>33<\/em> del <em>Reba\u00f1o Sagrado<\/em> est\u00e1 decidido y no hay m\u00e1s que agregar.<\/p>\n<p>\u201cPor lo pronto no sale de Chivas. Se queda en Chivas\u201d, sentenci\u00f3 <strong>Jorge Vergara<\/strong>.<\/p>\n<p style=\"text-align: center;\"><strong><span style=\"color: #3366ff;\"><a style=\"color: #3366ff;\" href=\"http:\/\/futboltotal.com.mx\/2015\/12\/mls-y-portugal-las-opciones-de-marco-fabian\/\">LEER M\u00c1S: Las opciones de Marco Fabi\u00e1n para abandonar Chivas.\u00a0<\/a><\/span><\/strong><\/p>\n","protected":false},"excerpt":{"rendered":"<p>El mandatario rojiblanco tambi\u00e9n indic\u00f3 cu\u00e1l ser\u00e1 el futuro de Marco Fabi\u00e1n <\/p>\n","protected":false},"author":20,"featured_media":341476,"comment_status":"closed","ping_status":"closed","sticky":false,"template":"","format":"standard","meta":[],"categories":[5,2198,3845],"tags":[70,1754,243,131],"_links":{"self":[{"href":"http:\/\/desarrollo.grupomedios.com\/futbol\/wp-json\/wp\/v2\/posts\/341475"}],"collection":[{"href":"http:\/\/desarrollo.grupomedios.com\/futbol\/wp-json\/wp\/v2\/posts"}],"about":[{"href":"http:\/\/desarrollo.grupomedios.com\/futbol\/wp-json\/wp\/v2\/types\/post"}],"author":[{"embeddable":true,"href":"http:\/\/desarrollo.grupomedios.com\/futbol\/wp-json\/wp\/v2\/users\/20"}],"replies":[{"embeddable":true,"href":"http:\/\/desarrollo.grupomedios.com\/futbol\/wp-json\/wp\/v2\/comments?post=341475"}],"version-history":[{"count":0,"href":"http:\/\/desarrollo.grupomedios.com\/futbol\/wp-json\/wp\/v2\/posts\/341475\/revisions"}],"wp:featuredmedia":[{"embeddable":true,"href":"http:\/\/desarrollo.grupomedios.com\/futbol\/wp-json\/wp\/v2\/media\/341476"}],"wp:attachment":[{"href":"http:\/\/desarrollo.grupomedios.com\/futbol\/wp-json\/wp\/v2\/media?parent=341475"}],"wp:term":[{"taxonomy":"category","embeddable":true,"href":"http:\/\/desarrollo.grupomedios.com\/futbol\/wp-json\/wp\/v2\/categories?post=341475"},{"taxonomy":"post_tag","embeddable":true,"href":"http:\/\/desarrollo.grupomedios.com\/futbol\/wp-json\/wp\/v2\/tags?post=341475"}],"curies":[{"name":"wp","href":"https:\/\/api.w.org\/{rel}","templated":true}]}}