{"id":341589,"date":"2015-12-12T10:05:20","date_gmt":"2015-12-12T16:05:20","guid":{"rendered":"http:\/\/futboltotal.com.mx\/?p=341589"},"modified":"2015-12-12T11:08:16","modified_gmt":"2015-12-12T17:08:16","slug":"5-fichajes-bomba-proximos-a-cerrarse-en-la-liga-mx","status":"publish","type":"post","link":"http:\/\/desarrollo.grupomedios.com\/futbol\/destacado-home\/5-fichajes-bomba-proximos-a-cerrarse-en-la-liga-mx\/2015\/12","title":{"rendered":"5 fichajes bomba pr\u00f3ximos a cerrarse en la Liga MX"},"content":{"rendered":"<p>Resta un duelo para que se decida al equipo campe\u00f3n de\u00a0la Liga <strong>MX<\/strong>\u00a0y <span style=\"color: #3366ff;\"><a style=\"color: #3366ff;\" href=\"http:\/\/futboltotal.com.mx\/2015\/12\/pumas-se-ilusiona-a-tigres-perdio-3-0-en-sus-ultimas-finales\/\">Tigres asoma como el contendiente<\/a><\/span> claro para alzarse\u00a0con un t\u00edtulo, sobre todo, luego de su\u00a0aplastante victoria ante Pumas.\u00a0<span style=\"line-height: 1.5;\">Mientras eso sucede, se libran otras batallas con la ilusi\u00f3n de convertirse en el mejor equipo de cara al pr\u00f3ximo certamen y el Futbol de Estufa est\u00e1 a todo vapor.<\/span><\/p>\n<p><span style=\"line-height: 1.5;\">Para confeccionar el sue\u00f1o de erigirse como el mandam\u00e1s, otras\u00a0entidades ya arrancaron con su pretemporada y realizan gestiones para contratar a las caras del futuro en el balompi\u00e9 azteca, entre los m\u00e1s sonados, aparece un miembro de los poderosos Tigres: Joffre Guerr\u00f3n.\u00a0<\/span><\/p>\n<p style=\"text-align: center;\"><strong><span style=\"color: #3366ff;\"><a style=\"color: #3366ff;\" href=\"http:\/\/futboltotal.com.mx\/2015\/12\/futbol-de-estufa-rumbo-al-clausura-2016\/\">LEER M\u00c1S: Futbol de Estufa del Clausura 2016.<\/a>\u00a0<\/span><\/strong><\/p>\n<p>El ecuatoriano no cuenta en el once de gala de Ricardo Tuca Ferretti y tan pronto como inici\u00f3 el torneo exigi\u00f3 m\u00e1s minutos al timonel, participaci\u00f3n que le fue negada en grandes proporciones y poco a poco se vislumbra un cambio de el\u00e1stica en su destino. Am\u00e9rica luch\u00f3 por \u00e9l pero todo hace indicar que terminar\u00e1 con Cruza Azul. Adem\u00e1s de Joffre Guerr\u00f3n, existen otros futbolistas que est\u00e1n en nuestro listado como los <strong>5 fichajes bomba pr\u00f3ximos a cerrarse en la Liga MX.<\/strong><\/p>\n<p>*(Imagen interactiva. Pulsa en el cursor verde para conocer m\u00e1s detalles).<br \/>\n<img decoding=\"async\" style=\"max-width:100%\" src=\"\/\/cdn.thinglink.me\/api\/image\/731999021324828672\/1024\/10\/scaletowidth#tl-731999021324828672;1043138249'\" class=\"alwaysThinglink\"\/><script async charset=\"utf-8\" src=\"\/\/cdn.thinglink.me\/jse\/embed.js\"><\/script><\/p>\n","protected":false},"excerpt":{"rendered":"<p>Podr\u00eda salir campe\u00f3n el domingo y a\u00fan as\u00ed cambiar\u00eda de uniforme <\/p>\n","protected":false},"author":20,"featured_media":341593,"comment_status":"closed","ping_status":"closed","sticky":false,"template":"","format":"standard","meta":[],"categories":[5,2198,3845],"tags":[6577,1140,5436,64,6568,6033],"_links":{"self":[{"href":"http:\/\/desarrollo.grupomedios.com\/futbol\/wp-json\/wp\/v2\/posts\/341589"}],"collection":[{"href":"http:\/\/desarrollo.grupomedios.com\/futbol\/wp-json\/wp\/v2\/posts"}],"about":[{"href":"http:\/\/desarrollo.grupomedios.com\/futbol\/wp-json\/wp\/v2\/types\/post"}],"author":[{"embeddable":true,"href":"http:\/\/desarrollo.grupomedios.com\/futbol\/wp-json\/wp\/v2\/users\/20"}],"replies":[{"embeddable":true,"href":"http:\/\/desarrollo.grupomedios.com\/futbol\/wp-json\/wp\/v2\/comments?post=341589"}],"version-history":[{"count":0,"href":"http:\/\/desarrollo.grupomedios.com\/futbol\/wp-json\/wp\/v2\/posts\/341589\/revisions"}],"wp:featuredmedia":[{"embeddable":true,"href":"http:\/\/desarrollo.grupomedios.com\/futbol\/wp-json\/wp\/v2\/media\/341593"}],"wp:attachment":[{"href":"http:\/\/desarrollo.grupomedios.com\/futbol\/wp-json\/wp\/v2\/media?parent=341589"}],"wp:term":[{"taxonomy":"category","embeddable":true,"href":"http:\/\/desarrollo.grupomedios.com\/futbol\/wp-json\/wp\/v2\/categories?post=341589"},{"taxonomy":"post_tag","embeddable":true,"href":"http:\/\/desarrollo.grupomedios.com\/futbol\/wp-json\/wp\/v2\/tags?post=341589"}],"curies":[{"name":"wp","href":"https:\/\/api.w.org\/{rel}","templated":true}]}}