{"id":341677,"date":"2015-12-11T19:51:09","date_gmt":"2015-12-12T01:51:09","guid":{"rendered":"http:\/\/futboltotal.com.mx\/?p=341677"},"modified":"2015-12-11T19:56:13","modified_gmt":"2015-12-12T01:56:13","slug":"tuca-ferretti-convoca-a-uche-para-la-vuelta","status":"publish","type":"post","link":"http:\/\/desarrollo.grupomedios.com\/futbol\/futbol-mexicano\/tuca-ferretti-convoca-a-uche-para-la-vuelta\/2015\/12","title":{"rendered":"Tuca Ferretti convoca a Uche para la Vuelta"},"content":{"rendered":"<p>El director t\u00e9cnico de los <a href=\"http:\/\/www.futboltotal.com.mx\/equipos\/tigres\/\" target=\"_blank\"><strong>Tigres<\/strong><\/a>, <strong>Ricardo el Tuca Ferretti<\/strong>, ya presenta su primera sorpresa de cara al duelo definitivo, pues convoc\u00f3 al nigeriano <strong>Ikechukwu Uche<\/strong> para la final de vuelta frente a los Pumas.<\/p>\n<p>A trav\u00e9s de sus redes sociales, los <strong>Tigres<\/strong> hicieron p\u00fablica la lista de convocados de <strong>Ricardo Ferretti<\/strong> para el duelo definitivo por el t\u00edtulo del Apertura 2015, donde sorprendi\u00f3 que se incluyera a <strong>Ikechukwu Uche<\/strong>, quien no hab\u00eda tenido participaci\u00f3n con el cuadro regio, desde septiembre.<\/p>\n<p><strong>Ikechukwu Uche<\/strong> debut\u00f3 con los <strong>Tigres<\/strong> en septiembre, debido a que su recuperaci\u00f3n tard\u00f3 varios meses. Su primer juego fue muy contrastante pues anot\u00f3 uno de los tantos con los que los felinos vencieron al Isidro Metapan por 1-2, en duelo de la fase de grupos de la Liga de Campeones de la CONCACAF.<\/p>\n<p style=\"text-align: center;\"><span style=\"color: #3366ff;\"><strong><a style=\"color: #3366ff;\" href=\"http:\/\/futboltotal.com.mx\/2015\/12\/20-datos-rumbo-a-la-gran-final-pumas-vs-tigres\/\" target=\"_blank\">LEER M\u00c1S: Los datos de la final del Apertura 2015<\/a><\/strong><\/span><\/p>\n<p>Cerca del final de aquel encuentro <strong>Ikechukwu Uche<\/strong> sali\u00f3 lesionado y volvi\u00f3 a quedar fuera de toda actividad. Ahora, ya recuperado, el nigeriano podr\u00eda tener minutos de acci\u00f3n en la final de vuelta ante Pumas.<\/p>\n<p>Estos son los convocados del <strong>Tuca Ferretti<\/strong> para el duelo definitivo por el t\u00edtulo en Ciudad Universitaria.<\/p>\n<blockquote class=\"twitter-tweet\" lang=\"es\">\n<p dir=\"ltr\" lang=\"es\">Lista de jugadores que viajar\u00e1n a la Ciudad de M\u00e9xico para la Gran Final del Apertura 2015. <a href=\"https:\/\/t.co\/xy29YfOpI1\">pic.twitter.com\/xy29YfOpI1<\/a><\/p>\n<p>\u2014 CLUB TIGRES OFICIAL (@TigresOficial) <a href=\"https:\/\/twitter.com\/TigresOficial\/status\/675434900531494913\">diciembre 11, 2015<\/a><\/p><\/blockquote>\n<p><script src=\"\/\/platform.twitter.com\/widgets.js\" async=\"\" charset=\"utf-8\"><\/script><\/p>\n<p><span style=\"color: #ff0000;\">VIDEO: Momentos STAR WARS en la Liguilla<\/span><\/p>\n<p>[video_player]https:\/\/player.vimeo.com\/external\/148440564.hd.mp4?s=7e069c0645042954bb8a08cc94577fc0e6c0d22c&amp;profile_id=113[\/video_player]<\/p>\n<p style=\"text-align: center;\"><strong><span style=\"color: #3366ff;\"><a style=\"color: #3366ff;\" href=\"http:\/\/futboltotal.com.mx\/2015\/12\/la-guerra-de-la-liguilla-ep-2015-tuca-vs-memo\/\">LEER M\u00c1S: La Guerra de la Liguilla | Tuca y Memo | Maestro vs Alumno<\/a><\/span><\/strong><\/p>\n","protected":false},"excerpt":{"rendered":"<p>El nigeriano podr\u00eda participar en el juego de desenlace <\/p>\n","protected":false},"author":20,"featured_media":341678,"comment_status":"closed","ping_status":"closed","sticky":false,"template":"","format":"standard","meta":[],"categories":[2198,3845,5950],"tags":[5575],"_links":{"self":[{"href":"http:\/\/desarrollo.grupomedios.com\/futbol\/wp-json\/wp\/v2\/posts\/341677"}],"collection":[{"href":"http:\/\/desarrollo.grupomedios.com\/futbol\/wp-json\/wp\/v2\/posts"}],"about":[{"href":"http:\/\/desarrollo.grupomedios.com\/futbol\/wp-json\/wp\/v2\/types\/post"}],"author":[{"embeddable":true,"href":"http:\/\/desarrollo.grupomedios.com\/futbol\/wp-json\/wp\/v2\/users\/20"}],"replies":[{"embeddable":true,"href":"http:\/\/desarrollo.grupomedios.com\/futbol\/wp-json\/wp\/v2\/comments?post=341677"}],"version-history":[{"count":0,"href":"http:\/\/desarrollo.grupomedios.com\/futbol\/wp-json\/wp\/v2\/posts\/341677\/revisions"}],"wp:featuredmedia":[{"embeddable":true,"href":"http:\/\/desarrollo.grupomedios.com\/futbol\/wp-json\/wp\/v2\/media\/341678"}],"wp:attachment":[{"href":"http:\/\/desarrollo.grupomedios.com\/futbol\/wp-json\/wp\/v2\/media?parent=341677"}],"wp:term":[{"taxonomy":"category","embeddable":true,"href":"http:\/\/desarrollo.grupomedios.com\/futbol\/wp-json\/wp\/v2\/categories?post=341677"},{"taxonomy":"post_tag","embeddable":true,"href":"http:\/\/desarrollo.grupomedios.com\/futbol\/wp-json\/wp\/v2\/tags?post=341677"}],"curies":[{"name":"wp","href":"https:\/\/api.w.org\/{rel}","templated":true}]}}