{"id":341702,"date":"2015-12-12T09:49:29","date_gmt":"2015-12-12T15:49:29","guid":{"rendered":"http:\/\/futboltotal.com.mx\/?p=341702"},"modified":"2015-12-12T12:09:27","modified_gmt":"2015-12-12T18:09:27","slug":"le-buscan-salida-a-alan-pulido-del-olympiacos","status":"publish","type":"post","link":"http:\/\/desarrollo.grupomedios.com\/futbol\/futbol-internacional\/le-buscan-salida-a-alan-pulido-del-olympiacos\/2015\/12","title":{"rendered":"Le buscan salida a Alan Pulido del Olympiacos"},"content":{"rendered":"<p>Su problema con el TAS ha sido un obst\u00e1culo para el desarrollo de <strong>Alan Pulido<\/strong>, futbolista mexicano que estar\u00eda pr\u00f3ximo a dejar al Olympiacos en el mercado invernal por la nula contemplaci\u00f3n del entrenador Marco Silva.<\/p>\n<p>De acuerdo a medios informativos en Grecia, <strong>Alan Pulido<\/strong> forma parte del cat\u00e1logo de cinco futbolistas que saldr\u00e1n de la instituci\u00f3n tan pronto se abra el periodo de transferencias. El exTigres, solamente ha disputado 15 minutos en lo que va de toda la campa\u00f1a y no es del agrado del estratega, motivo por el cual es inminente su despedida junto a la de futbolistas Theofanis Tzandaris, Dimitris Goutas, El Fardiu Ben y Giannis Gianniotas.<\/p>\n<p>El deseo del club es venderlo a otro equipo en Europa y sacar alg\u00fan provecho econ\u00f3mico, pero si las ofertas solamente llegan desde Grecia, como ha ocurrido hasta el momento, saldr\u00eda a pr\u00e9stamo. Uno de los equipos interesados, por ejemplo, es el Platanias de la Primera Divisi\u00f3n de dicho pa\u00eds, tal como se inform\u00f3 en el portal <em>sdna.gr<\/em>.<\/p>\n<p>En Grecia\u00a0tambi\u00e9n se habla constantemente del inter\u00e9s del Guadalajara por traerlo de vuelta a M\u00e9xico y la \u00fanica opci\u00f3n que se contempla es una venta, aunque se desconoce si un acuerdo est\u00e1 por llegar pr\u00f3ximamente.<\/p>\n<p style=\"text-align: center;\"><span style=\"color: #3366ff;\"><strong><a style=\"color: #3366ff;\" href=\"http:\/\/futboltotal.com.mx\/2015\/12\/alan-pulido-seria-el-refuerzo-final-para-las-chivas\/\">LEER M\u00c1S: Alan Pulido ser\u00eda el refuerzo final para las Chivas.<\/a> <\/strong><\/span><\/p>\n","protected":false},"excerpt":{"rendered":"<p>El mexicano lleva solo 15 minutos disputados en la Copa <\/p>\n","protected":false},"author":20,"featured_media":310782,"comment_status":"closed","ping_status":"closed","sticky":false,"template":"","format":"standard","meta":[],"categories":[3839,5951],"tags":[1607,70,6091],"_links":{"self":[{"href":"http:\/\/desarrollo.grupomedios.com\/futbol\/wp-json\/wp\/v2\/posts\/341702"}],"collection":[{"href":"http:\/\/desarrollo.grupomedios.com\/futbol\/wp-json\/wp\/v2\/posts"}],"about":[{"href":"http:\/\/desarrollo.grupomedios.com\/futbol\/wp-json\/wp\/v2\/types\/post"}],"author":[{"embeddable":true,"href":"http:\/\/desarrollo.grupomedios.com\/futbol\/wp-json\/wp\/v2\/users\/20"}],"replies":[{"embeddable":true,"href":"http:\/\/desarrollo.grupomedios.com\/futbol\/wp-json\/wp\/v2\/comments?post=341702"}],"version-history":[{"count":0,"href":"http:\/\/desarrollo.grupomedios.com\/futbol\/wp-json\/wp\/v2\/posts\/341702\/revisions"}],"wp:featuredmedia":[{"embeddable":true,"href":"http:\/\/desarrollo.grupomedios.com\/futbol\/wp-json\/wp\/v2\/media\/310782"}],"wp:attachment":[{"href":"http:\/\/desarrollo.grupomedios.com\/futbol\/wp-json\/wp\/v2\/media?parent=341702"}],"wp:term":[{"taxonomy":"category","embeddable":true,"href":"http:\/\/desarrollo.grupomedios.com\/futbol\/wp-json\/wp\/v2\/categories?post=341702"},{"taxonomy":"post_tag","embeddable":true,"href":"http:\/\/desarrollo.grupomedios.com\/futbol\/wp-json\/wp\/v2\/tags?post=341702"}],"curies":[{"name":"wp","href":"https:\/\/api.w.org\/{rel}","templated":true}]}}