{"id":341720,"date":"2015-12-12T12:32:03","date_gmt":"2015-12-12T18:32:03","guid":{"rendered":"http:\/\/futboltotal.com.mx\/?p=341720"},"modified":"2015-12-12T12:32:57","modified_gmt":"2015-12-12T18:32:57","slug":"definidos-los-grupos-para-la-eurocopa-2016","status":"publish","type":"post","link":"http:\/\/desarrollo.grupomedios.com\/futbol\/destacado-home\/definidos-los-grupos-para-la-eurocopa-2016\/2015\/12","title":{"rendered":"Definidos los grupos para la Eurocopa 2016"},"content":{"rendered":"<p>El destino fue marcado y la <strong>Eurocopa 201<\/strong>6 ya cuenta con los grupos definidos tras el sorteo efectuado en Par\u00eds, que decret\u00f3 como duelo inaugural el Francia vs Rumania a celebrarse el 10 de junio del pr\u00f3ximo a\u00f1o.<\/p>\n<p>El campe\u00f3n, Espa\u00f1a, de jugar\u00e1 en el grupo D de la <strong>Eurocopa 2016<\/strong> junto a Rep\u00fablica Checa, Turqu\u00eda y Croacia, seg\u00fan el sorteo celebrado en el Palacio de Congresos de Par\u00eds. Destacan tambi\u00e9n el Inglaterra vs Gales, batalla que se llevar\u00e1 a cabo en el grupo B y el Alemania vs Polonia, que se ubican de nuevo en el mismo sector.<\/p>\n<p>La composici\u00f3n definitiva de los grupos es la siguiente<\/p>\n<p><span style=\"color: #ff0000;\">Grupo A:<\/span>\u00a0Francia, Ruman\u00eda, Albania, Suiza.<\/p>\n<p><span style=\"color: #ff0000;\">Grupo B:\u00a0<\/span>Inglaterra, Rusia, Gales, Eslovaquia.<\/p>\n<p><span style=\"color: #ff0000;\">Grupo C:<\/span>\u00a0Alemania, Ucrania, Polonia, Irlanda del Norte.<\/p>\n<p><span style=\"color: #ff0000;\">Grupo D:<\/span> Espa\u00f1a, Croacia, Rep\u00fablica Checa, Turqu\u00eda.<\/p>\n<p><span style=\"color: #ff0000;\">Grupo E:<\/span> B\u00e9lgica, Italia, Rep\u00fablica de Irlanda, Suecia.<\/p>\n<p><span style=\"color: #ff0000;\">Grupo F:<\/span> Portugal, Islandia, Austria, Hungr\u00eda.<\/p>\n<blockquote class=\"twitter-tweet\" lang=\"es\">\n<p dir=\"ltr\" lang=\"en\">The official result of the <a href=\"https:\/\/twitter.com\/hashtag\/EURO2016?src=hash\">#EURO2016<\/a> draw&#8230; <a href=\"https:\/\/t.co\/B296dE607r\">pic.twitter.com\/B296dE607r<\/a><\/p>\n<p>\u2014 UEFA EURO 2016 (@UEFAEURO) <a href=\"https:\/\/twitter.com\/UEFAEURO\/status\/675737037094436864\">diciembre 12, 2015<\/a><\/p><\/blockquote>\n<p><script src=\"\/\/platform.twitter.com\/widgets.js\" async=\"\" charset=\"utf-8\"><\/script><\/p>\n<p style=\"text-align: center;\"><span style=\"color: #3366ff;\"><strong><a style=\"color: #3366ff;\" href=\"http:\/\/futboltotal.com.mx\/2015\/10\/marco-van-basten-el-inolvidable-da-vinci-del-futbol\/\">LEER M\u00c1S: Van Basten, el Da Vinci del futbol.<\/a><\/strong><\/span><\/p>\n","protected":false},"excerpt":{"rendered":"<p>Grandes duelos se escenificar\u00e1n a partir del pr\u00f3ximo 10 de junio <\/p>\n","protected":false},"author":20,"featured_media":341721,"comment_status":"closed","ping_status":"closed","sticky":false,"template":"","format":"standard","meta":[],"categories":[5,3839],"tags":[253,5537,6152,413],"_links":{"self":[{"href":"http:\/\/desarrollo.grupomedios.com\/futbol\/wp-json\/wp\/v2\/posts\/341720"}],"collection":[{"href":"http:\/\/desarrollo.grupomedios.com\/futbol\/wp-json\/wp\/v2\/posts"}],"about":[{"href":"http:\/\/desarrollo.grupomedios.com\/futbol\/wp-json\/wp\/v2\/types\/post"}],"author":[{"embeddable":true,"href":"http:\/\/desarrollo.grupomedios.com\/futbol\/wp-json\/wp\/v2\/users\/20"}],"replies":[{"embeddable":true,"href":"http:\/\/desarrollo.grupomedios.com\/futbol\/wp-json\/wp\/v2\/comments?post=341720"}],"version-history":[{"count":0,"href":"http:\/\/desarrollo.grupomedios.com\/futbol\/wp-json\/wp\/v2\/posts\/341720\/revisions"}],"wp:featuredmedia":[{"embeddable":true,"href":"http:\/\/desarrollo.grupomedios.com\/futbol\/wp-json\/wp\/v2\/media\/341721"}],"wp:attachment":[{"href":"http:\/\/desarrollo.grupomedios.com\/futbol\/wp-json\/wp\/v2\/media?parent=341720"}],"wp:term":[{"taxonomy":"category","embeddable":true,"href":"http:\/\/desarrollo.grupomedios.com\/futbol\/wp-json\/wp\/v2\/categories?post=341720"},{"taxonomy":"post_tag","embeddable":true,"href":"http:\/\/desarrollo.grupomedios.com\/futbol\/wp-json\/wp\/v2\/tags?post=341720"}],"curies":[{"name":"wp","href":"https:\/\/api.w.org\/{rel}","templated":true}]}}