{"id":341838,"date":"2015-12-12T18:44:45","date_gmt":"2015-12-13T00:44:45","guid":{"rendered":"http:\/\/futboltotal.com.mx\/?p=341838"},"modified":"2015-12-12T18:46:23","modified_gmt":"2015-12-13T00:46:23","slug":"gerard-pique-trollea-a-arbeloa","status":"publish","type":"post","link":"http:\/\/desarrollo.grupomedios.com\/futbol\/videos\/gerard-pique-trollea-a-arbeloa\/2015\/12","title":{"rendered":"Gerard Piqu\u00e9 trollea a Arbeloa"},"content":{"rendered":"<p>El defensa del Barcelona, <strong>Gerard Piqu\u00e9<\/strong>, aparentemente se mof\u00f3 de <strong>\u00c1lvaro Arbeola<\/strong> cuando la prensa le pregunt\u00f3 sobre el futbolista del Real Madrid; pues el zaguero <em>cul\u00e9<\/em> habr\u00eda se\u00f1alado que el <em>merengue<\/em> es un cono.<\/p>\n<p>Cuando la prensa le pregunt\u00f3 sobre la supuesta amistad que hab\u00edan entablado <strong>Gerard Piqu\u00e9<\/strong> y <strong>\u00c1lvaro Arbeola<\/strong>, el <em>blaugrana<\/em> desminti\u00f3 esa relaci\u00f3n y se\u00f1al\u00f3 que &#8220;Arbeloa se ha autoproclamado mi amigo y yo no le considero mi amigo. Dir\u00eda que es un conocido. Cono&#8230; cido&#8221;.<\/p>\n<p><iframe loading=\"lazy\" src=\"https:\/\/www.youtube.com\/embed\/RywVS10nX20\" frameborder=\"0\" allowfullscreen><\/iframe><\/p>\n<p>Ya antes <strong>\u00c1lvaro Arbeola<\/strong> se hab\u00eda referido a <strong>Gerard Piqu\u00e9<\/strong> como un buf\u00f3n, por las burlas que el blaugrana hab\u00eda hecho hacia el Real Madrid, tras la eliminaci\u00f3n del cuadro merengue, de la Copa del Rey. &#8220;Piqu\u00e9 es muy gracioso, deber\u00eda estar en el club de la comedia&#8221;, coment\u00f3 entonces.<\/p>\n","protected":false},"excerpt":{"rendered":"<p>El zaguero desminti\u00f3 que el futbolista del Madrid fuese su amigo<\/p>\n","protected":false},"author":20,"featured_media":341842,"comment_status":"closed","ping_status":"closed","sticky":false,"template":"","format":"standard","meta":[],"categories":[3839,4],"tags":[6015,2844],"_links":{"self":[{"href":"http:\/\/desarrollo.grupomedios.com\/futbol\/wp-json\/wp\/v2\/posts\/341838"}],"collection":[{"href":"http:\/\/desarrollo.grupomedios.com\/futbol\/wp-json\/wp\/v2\/posts"}],"about":[{"href":"http:\/\/desarrollo.grupomedios.com\/futbol\/wp-json\/wp\/v2\/types\/post"}],"author":[{"embeddable":true,"href":"http:\/\/desarrollo.grupomedios.com\/futbol\/wp-json\/wp\/v2\/users\/20"}],"replies":[{"embeddable":true,"href":"http:\/\/desarrollo.grupomedios.com\/futbol\/wp-json\/wp\/v2\/comments?post=341838"}],"version-history":[{"count":0,"href":"http:\/\/desarrollo.grupomedios.com\/futbol\/wp-json\/wp\/v2\/posts\/341838\/revisions"}],"wp:featuredmedia":[{"embeddable":true,"href":"http:\/\/desarrollo.grupomedios.com\/futbol\/wp-json\/wp\/v2\/media\/341842"}],"wp:attachment":[{"href":"http:\/\/desarrollo.grupomedios.com\/futbol\/wp-json\/wp\/v2\/media?parent=341838"}],"wp:term":[{"taxonomy":"category","embeddable":true,"href":"http:\/\/desarrollo.grupomedios.com\/futbol\/wp-json\/wp\/v2\/categories?post=341838"},{"taxonomy":"post_tag","embeddable":true,"href":"http:\/\/desarrollo.grupomedios.com\/futbol\/wp-json\/wp\/v2\/tags?post=341838"}],"curies":[{"name":"wp","href":"https:\/\/api.w.org\/{rel}","templated":true}]}}