{"id":341879,"date":"2015-12-12T22:54:31","date_gmt":"2015-12-13T04:54:31","guid":{"rendered":"http:\/\/futboltotal.com.mx\/?p=341879"},"modified":"2015-12-12T22:54:31","modified_gmt":"2015-12-13T04:54:31","slug":"gustavo-ayon-mejor-jugador-de-la-semana-en-euroliga","status":"publish","type":"post","link":"http:\/\/desarrollo.grupomedios.com\/futbol\/no-todo-es-futbol\/gustavo-ayon-mejor-jugador-de-la-semana-en-euroliga\/2015\/12","title":{"rendered":"Gustavo Ay\u00f3n, mejor jugador de la semana en Euroliga"},"content":{"rendered":"<p>El basquetbolista mexicano, <strong>Gustavo Ay\u00f3n<\/strong> fue designado como el mejor jugador de la semana en la Euroliga, luego de su desempe\u00f1o en el partido entre el Real Madrid y el Bayern en Munich, donde el pivot anot\u00f3 22 puntos.<\/p>\n<p><strong>Gustavo Ay\u00f3n<\/strong> contabiliz\u00f3 ocho de 10 en tiros de dos puntos y seis de siete en tiros libres, ofensivamente; y en cuanto a la defensa realiz\u00f3 seis robos, tres tapones y nueve rebotes. Adem\u00e1s asisti\u00f3 cuatro veces a sus compa\u00f1eros, lo que le dio 41 puntos para ser valorado con el MVP de la semana en el baloncesto de la Euroliga.<\/p>\n<p>Y mientras <strong>Gustavo Ay\u00f3n<\/strong> brilla con el Real Madrid, la Selecci\u00f3n Mexicana de basquebol toma un respiro, pues podr\u00eda participar en el torneo preol\u00edmpico de 2016, ya que el Comit\u00e9 Ol\u00edmpico aprob\u00f3 que M\u00e9xico participe en los Juegos Ol\u00edmpicos de R\u00edo de Janeiro.<\/p>\n","protected":false},"excerpt":{"rendered":"<p>El basquetbolista pone en alto a M\u00e9xico con su desempe\u00f1o<\/p>\n","protected":false},"author":20,"featured_media":341881,"comment_status":"closed","ping_status":"closed","sticky":false,"template":"","format":"standard","meta":[],"categories":[5814,5418],"tags":[6208,6356,5771],"_links":{"self":[{"href":"http:\/\/desarrollo.grupomedios.com\/futbol\/wp-json\/wp\/v2\/posts\/341879"}],"collection":[{"href":"http:\/\/desarrollo.grupomedios.com\/futbol\/wp-json\/wp\/v2\/posts"}],"about":[{"href":"http:\/\/desarrollo.grupomedios.com\/futbol\/wp-json\/wp\/v2\/types\/post"}],"author":[{"embeddable":true,"href":"http:\/\/desarrollo.grupomedios.com\/futbol\/wp-json\/wp\/v2\/users\/20"}],"replies":[{"embeddable":true,"href":"http:\/\/desarrollo.grupomedios.com\/futbol\/wp-json\/wp\/v2\/comments?post=341879"}],"version-history":[{"count":0,"href":"http:\/\/desarrollo.grupomedios.com\/futbol\/wp-json\/wp\/v2\/posts\/341879\/revisions"}],"wp:featuredmedia":[{"embeddable":true,"href":"http:\/\/desarrollo.grupomedios.com\/futbol\/wp-json\/wp\/v2\/media\/341881"}],"wp:attachment":[{"href":"http:\/\/desarrollo.grupomedios.com\/futbol\/wp-json\/wp\/v2\/media?parent=341879"}],"wp:term":[{"taxonomy":"category","embeddable":true,"href":"http:\/\/desarrollo.grupomedios.com\/futbol\/wp-json\/wp\/v2\/categories?post=341879"},{"taxonomy":"post_tag","embeddable":true,"href":"http:\/\/desarrollo.grupomedios.com\/futbol\/wp-json\/wp\/v2\/tags?post=341879"}],"curies":[{"name":"wp","href":"https:\/\/api.w.org\/{rel}","templated":true}]}}