{"id":341898,"date":"2015-12-13T09:06:23","date_gmt":"2015-12-13T15:06:23","guid":{"rendered":"http:\/\/futboltotal.com.mx\/?p=341898"},"modified":"2015-12-13T09:09:16","modified_gmt":"2015-12-13T15:09:16","slug":"nacho-ambriz-puede-dejar-al-america","status":"publish","type":"post","link":"http:\/\/desarrollo.grupomedios.com\/futbol\/futbol-mexicano\/nacho-ambriz-puede-dejar-al-america\/2015\/12","title":{"rendered":"Nacho Ambriz puede dejar al Am\u00e9rica"},"content":{"rendered":"<p>Luego de que <strong>Am\u00e9rica<\/strong> fue eliminado en cuartos de final del <strong>Mundial de Clubes<\/strong>, el t\u00e9cnico <strong>Ignacio Ambriz<\/strong> acept\u00f3 que este resultado le puede costar su cargo con el cuadro mexicano.<\/p>\n<p>\u201cDesde que llegu\u00e9 he sido un poco o muy criticado, siempre he dicho que para que valoren tu trabajo tienes que ser campe\u00f3n y no lo fuimos en el torneo mexicano. S\u00ed (teme por su continuidad), m\u00e1s en un equipo grande como este donde los resultados son los que mandan\u201d, expres\u00f3.<\/p>\n<p>\u201cEs claro que esto es un rotundo fracaso y que yo soy el principal responsable\u201d, valor\u00f3 en rueda de prensa tras\u00a0perder 1-2 ante el Guangzhou de China.<\/p>\n<p style=\"text-align: center;\"><span style=\"color: #3366ff;\"><strong><a style=\"color: #3366ff;\" href=\"http:\/\/futboltotal.com.mx\/2015\/12\/america-eliminado-del-mundial-de-clubes\/\">LEER M\u00c1S: Am\u00e9rica cae eliminado en su debut en Mundial de Clubes<\/a><\/strong><\/span><\/p>\n<p>Ambriz reconoci\u00f3 que su futuro depende de lo que decida la directiva del equipo americanista.<\/p>\n<p>\u201cSe nos va una oportunidad de pasar a la siguiente ronda y enfrentar a un equipo como el Barcelona\u2026 estoy en manos de los directivos\u201d, expres\u00f3.<\/p>\n<p>Sobre el incidente en el que el colombiano Carlos Quintero le dio un cabezazo a Rubens Sambueza, explic\u00f3 que ambos deben aceptar lo que venga para ellos.<\/p>\n<p>\u201cTanto Darwin como Rubens son personas mayores y profesionales por lo que tendr\u00e1n que asumir las consecuencias de ese incidente\u201d, finaliz\u00f3 el t\u00e9cnico mexicano.<\/p>\n","protected":false},"excerpt":{"rendered":"<p>El estratega habl\u00f3 tras la eliminaci\u00f3n de Am\u00e9rica en el Mundial de Clubes<\/p>\n","protected":false},"author":20,"featured_media":341899,"comment_status":"closed","ping_status":"closed","sticky":false,"template":"","format":"standard","meta":[],"categories":[2198,5950],"tags":[5959,511,6582],"_links":{"self":[{"href":"http:\/\/desarrollo.grupomedios.com\/futbol\/wp-json\/wp\/v2\/posts\/341898"}],"collection":[{"href":"http:\/\/desarrollo.grupomedios.com\/futbol\/wp-json\/wp\/v2\/posts"}],"about":[{"href":"http:\/\/desarrollo.grupomedios.com\/futbol\/wp-json\/wp\/v2\/types\/post"}],"author":[{"embeddable":true,"href":"http:\/\/desarrollo.grupomedios.com\/futbol\/wp-json\/wp\/v2\/users\/20"}],"replies":[{"embeddable":true,"href":"http:\/\/desarrollo.grupomedios.com\/futbol\/wp-json\/wp\/v2\/comments?post=341898"}],"version-history":[{"count":0,"href":"http:\/\/desarrollo.grupomedios.com\/futbol\/wp-json\/wp\/v2\/posts\/341898\/revisions"}],"wp:featuredmedia":[{"embeddable":true,"href":"http:\/\/desarrollo.grupomedios.com\/futbol\/wp-json\/wp\/v2\/media\/341899"}],"wp:attachment":[{"href":"http:\/\/desarrollo.grupomedios.com\/futbol\/wp-json\/wp\/v2\/media?parent=341898"}],"wp:term":[{"taxonomy":"category","embeddable":true,"href":"http:\/\/desarrollo.grupomedios.com\/futbol\/wp-json\/wp\/v2\/categories?post=341898"},{"taxonomy":"post_tag","embeddable":true,"href":"http:\/\/desarrollo.grupomedios.com\/futbol\/wp-json\/wp\/v2\/tags?post=341898"}],"curies":[{"name":"wp","href":"https:\/\/api.w.org\/{rel}","templated":true}]}}