{"id":341906,"date":"2015-12-13T09:34:43","date_gmt":"2015-12-13T15:34:43","guid":{"rendered":"http:\/\/futboltotal.com.mx\/?p=341906"},"modified":"2015-12-13T13:11:17","modified_gmt":"2015-12-13T19:11:17","slug":"a-oribe-peralta-disgusta-cabezazo-entre-darwin-y-sambueza","status":"publish","type":"post","link":"http:\/\/desarrollo.grupomedios.com\/futbol\/futbol-internacional\/a-oribe-peralta-disgusta-cabezazo-entre-darwin-y-sambueza\/2015\/12","title":{"rendered":"Peralta, disgustado por cabezazo de Darwin a Sambueza"},"content":{"rendered":"<p>El <strong><span style=\"color: #3366ff;\"><a style=\"color: #3366ff;\" href=\"http:\/\/futboltotal.com.mx\/2015\/12\/america-eliminado-del-mundial-de-clubes\/\">Am\u00e9rica fracas\u00f3<\/a><\/span><\/strong> en su primer partido del Mundial de Clubes ante el Guangzhou Evergrande. Lo peor no fue solo el resultado, sino los signos de un equipo fracturado en las relaciones, <strong><span style=\"color: #3366ff;\"><a style=\"color: #3366ff;\" href=\"http:\/\/futboltotal.com.mx\/2015\/12\/quintero-dio-un-cabezazo-a-sambueza\/\">situaci\u00f3n que evidenci\u00f3 el cabezazo de Darwin Quintero<\/a><\/span><\/strong> a Rubens Sambueza tras el empate del conjunto chino al minuto 80.<\/p>\n<p>Para <strong>Oribe Peralta<\/strong>. el incidente fue el detonante de la eliminaci\u00f3n del Am\u00e9rica y una acci\u00f3n bochornosa que dio la vuelta al mundo. M\u00e1s all\u00e1 de ser gran amigo de Quintero, el <em>Cepillo<\/em> se\u00f1al\u00f3 que s\u00ed ten\u00edan que pelear pero con los jugadores chinos, no entre ellos por lo que deben hablar al interior del grupo para saber qu\u00e9 es lo que proceder\u00e1 ante la eliminaci\u00f3n, pues resta un duelo ante el Mazembe.<\/p>\n<p>&#8220;No es aceptable el agredir a alguien, es calentura del partido pero ni aun as\u00ed, hay que hablarlo. No hablamos con Pel\u00e1ez, solamente nos dijo que levant\u00e1ramos la cara&#8221;<\/p>\n<p>\u201cNos fall\u00f3 la concentraci\u00f3n y la contundencia. No s\u00e9 qu\u00e9 le dijo, con los que ten\u00edamos que pelear era con los otros, siempre que hay una disputa de esas no es de aplaudirse. No pod\u00edamos solucionar nada y lo que ten\u00edamos que hacer era ponernos a jugar\u201d, manifest\u00f3 Peralta.<\/p>\n<p><strong>Oribe Peralta<\/strong> se mostr\u00f3 dolido por la forma en que\u00a0resultaron\u00a0eliminados con dos goles en los \u00faltimos 10 minutos y con una pelea entre compa\u00f1eros, situaci\u00f3n que se consum\u00f3 como un rotundo fracaso.<\/p>\n<p>\u201cPara m\u00ed es triste, no podemos caer as\u00ed. Cuando cay\u00f3 el gol del empate nos desconectamos a pesar de que quedaban minutos y que pod\u00edamos ganarlo. Dejamos de hacer cosas y eso nos cost\u00f3 el partido.\u00a0Estoy triste, el gol no sirve para mucho. Es fracaso porque yo ven\u00eda con intenci\u00f3n de trascender y escribir una historia ac\u00e1, lamentablemente por cosas as\u00ed no lo pudimos hacer\u201d, puntualiz\u00f3\u00a0<strong>Peralta<\/strong>.<\/p>\n<p style=\"text-align: center;\"><span style=\"color: #3366ff;\"><strong><a style=\"color: #3366ff;\" href=\"http:\/\/futboltotal.com.mx\/2015\/12\/nacho-ambriz-puede-dejar-al-america\/\">LEER M\u00c1S: Nacho Ambriz puede dejar al Am\u00e9rica.\u00a0<\/a><\/strong><\/span><\/p>\n","protected":false},"excerpt":{"rendered":"<p>El Am\u00e9rica desperdici\u00f3 una oportunidad dorada en Osaka <\/p>\n","protected":false},"author":20,"featured_media":341910,"comment_status":"closed","ping_status":"closed","sticky":false,"template":"","format":"standard","meta":[],"categories":[3839],"tags":[5959,284,415,62,808],"_links":{"self":[{"href":"http:\/\/desarrollo.grupomedios.com\/futbol\/wp-json\/wp\/v2\/posts\/341906"}],"collection":[{"href":"http:\/\/desarrollo.grupomedios.com\/futbol\/wp-json\/wp\/v2\/posts"}],"about":[{"href":"http:\/\/desarrollo.grupomedios.com\/futbol\/wp-json\/wp\/v2\/types\/post"}],"author":[{"embeddable":true,"href":"http:\/\/desarrollo.grupomedios.com\/futbol\/wp-json\/wp\/v2\/users\/20"}],"replies":[{"embeddable":true,"href":"http:\/\/desarrollo.grupomedios.com\/futbol\/wp-json\/wp\/v2\/comments?post=341906"}],"version-history":[{"count":0,"href":"http:\/\/desarrollo.grupomedios.com\/futbol\/wp-json\/wp\/v2\/posts\/341906\/revisions"}],"wp:featuredmedia":[{"embeddable":true,"href":"http:\/\/desarrollo.grupomedios.com\/futbol\/wp-json\/wp\/v2\/media\/341910"}],"wp:attachment":[{"href":"http:\/\/desarrollo.grupomedios.com\/futbol\/wp-json\/wp\/v2\/media?parent=341906"}],"wp:term":[{"taxonomy":"category","embeddable":true,"href":"http:\/\/desarrollo.grupomedios.com\/futbol\/wp-json\/wp\/v2\/categories?post=341906"},{"taxonomy":"post_tag","embeddable":true,"href":"http:\/\/desarrollo.grupomedios.com\/futbol\/wp-json\/wp\/v2\/tags?post=341906"}],"curies":[{"name":"wp","href":"https:\/\/api.w.org\/{rel}","templated":true}]}}