{"id":341971,"date":"2015-12-13T11:57:41","date_gmt":"2015-12-13T17:57:41","guid":{"rendered":"http:\/\/futboltotal.com.mx\/?p=341971"},"modified":"2015-12-13T11:57:41","modified_gmt":"2015-12-13T17:57:41","slug":"rafa-marquez-reaparece-en-empate-de-hellas-ante-el-milan","status":"publish","type":"post","link":"http:\/\/desarrollo.grupomedios.com\/futbol\/futbol-internacional\/rafa-marquez-reaparece-en-empate-de-hellas-ante-el-milan\/2015\/12","title":{"rendered":"Rafa M\u00e1rquez reaparece en empate de Hellas ante el Milan"},"content":{"rendered":"<p><strong>Rafa M\u00e1rquez<\/strong> volvi\u00f3 a las canchas luego de su lesi\u00f3n y disput\u00f3 los 90 minutos en el encuentro en que el Hellas Verona, \u00faltimo lugar de la Serie A, igual\u00f3 1-1 ante el Milan que desaprovech\u00f3 una oportunidad magn\u00edfica para sumar tres puntos tras un gol del colombiano Carlos Bacca que puso adelante al anfitri\u00f3n, pero que fue empatado con un penalti transformado por Luca Toni.<\/p>\n<p>Tras una primera parte mal jugada, el AC Milan se puso en ventaja por medio del exsevillista Bacca al minuto 52, quien aprovech\u00f3 un buen pase del brasile\u00f1o Luiz Adriano para marcar su s\u00e9ptimo gol de la temporada. Sin embargo, el Hellas Verona, \u00fanico equipo a\u00fan sin victorias en la Serie A, reaccion\u00f3 con orgullo y logr\u00f3 empatar el partido con un penalti de Luca Toni para el minuto 56.<\/p>\n<p>El AC Milan encaj\u00f3 el 1-1 y perdi\u00f3 adem\u00e1s al holand\u00e9s Nigel De Jong, expulsado en la acci\u00f3n del penalti. El conjunto del t\u00e9cnico serbio Sinisa Mihajlovic intent\u00f3 marcar el segundo tanto hasta el final, pero choc\u00f3 contra la atenta defensa de los veroneses y termin\u00f3 recibiendo los pitos de los 30.000 espectadores de San Siro.<\/p>\n<p style=\"text-align: center;\"><span style=\"color: #3366ff;\"><a style=\"color: #3366ff;\" href=\"http:\/\/futboltotal.com.mx\/estadisticas\/estadisticas-liga-de-italia\/\">LEER M\u00c1S: As\u00ed marcha la Serie A.\u00a0<\/a><\/span><\/p>\n<p>Los rojinegros empatan su segundo partido seguido, tras el 0-0 ante el Carpi, y son s\u00e9ptimos con 24 puntos. Por su parte, el Verona sigue en una situaci\u00f3n complicad\u00edsima y es colista con siete puntos, a nueve de la salvaci\u00f3n.<\/p>\n<p><strong>Rafa M\u00e1rquez<\/strong> result\u00f3 amonestado y de hecho, el duelo de este domingo podr\u00eda ser su \u00faltimo encuentro en la Liga de Italia, pues el Atlas prepara una oferta para repatriarlo y sumar as\u00ed una pieza de enorme calidad. El fichaje podr\u00eda cerrarse esta semana.<\/p>\n<p style=\"text-align: center;\"><span style=\"color: #3366ff;\"><strong><a style=\"color: #3366ff;\" href=\"http:\/\/futboltotal.com.mx\/2015\/12\/rafa-marquez-cerca-del-acuerdo-con-atlas\/\">LEER M\u00c1S: Rafa M\u00e1rquez, cerca del acuerdo con Atlas.<\/a> <\/strong><\/span><\/p>\n","protected":false},"excerpt":{"rendered":"<p>La despedida para el Kaiser del futbol italiano quiz\u00e1s se suscit\u00f3 en San Siro <\/p>\n","protected":false},"author":20,"featured_media":341978,"comment_status":"closed","ping_status":"closed","sticky":false,"template":"","format":"standard","meta":[],"categories":[3839,3848,5951],"tags":[5515,242,4358,5958],"_links":{"self":[{"href":"http:\/\/desarrollo.grupomedios.com\/futbol\/wp-json\/wp\/v2\/posts\/341971"}],"collection":[{"href":"http:\/\/desarrollo.grupomedios.com\/futbol\/wp-json\/wp\/v2\/posts"}],"about":[{"href":"http:\/\/desarrollo.grupomedios.com\/futbol\/wp-json\/wp\/v2\/types\/post"}],"author":[{"embeddable":true,"href":"http:\/\/desarrollo.grupomedios.com\/futbol\/wp-json\/wp\/v2\/users\/20"}],"replies":[{"embeddable":true,"href":"http:\/\/desarrollo.grupomedios.com\/futbol\/wp-json\/wp\/v2\/comments?post=341971"}],"version-history":[{"count":0,"href":"http:\/\/desarrollo.grupomedios.com\/futbol\/wp-json\/wp\/v2\/posts\/341971\/revisions"}],"wp:featuredmedia":[{"embeddable":true,"href":"http:\/\/desarrollo.grupomedios.com\/futbol\/wp-json\/wp\/v2\/media\/341978"}],"wp:attachment":[{"href":"http:\/\/desarrollo.grupomedios.com\/futbol\/wp-json\/wp\/v2\/media?parent=341971"}],"wp:term":[{"taxonomy":"category","embeddable":true,"href":"http:\/\/desarrollo.grupomedios.com\/futbol\/wp-json\/wp\/v2\/categories?post=341971"},{"taxonomy":"post_tag","embeddable":true,"href":"http:\/\/desarrollo.grupomedios.com\/futbol\/wp-json\/wp\/v2\/tags?post=341971"}],"curies":[{"name":"wp","href":"https:\/\/api.w.org\/{rel}","templated":true}]}}