{"id":342016,"date":"2015-12-13T15:20:20","date_gmt":"2015-12-13T21:20:20","guid":{"rendered":"http:\/\/futboltotal.com.mx\/?p=342016"},"modified":"2015-12-13T15:25:31","modified_gmt":"2015-12-13T21:25:31","slug":"la-comica-caricatura-de-chicharito-por-su-hat-trick","status":"publish","type":"post","link":"http:\/\/desarrollo.grupomedios.com\/futbol\/videos\/la-comica-caricatura-de-chicharito-por-su-hat-trick\/2015\/12","title":{"rendered":"La c\u00f3mica caricatura de Chicharito por su hat-trick"},"content":{"rendered":"<p><span style=\"color: #3366ff;\"><span style=\"color: #000000;\">El <\/span><strong><a style=\"color: #3366ff;\" href=\"http:\/\/futboltotal.com.mx\/2015\/12\/chicharito-hace-hat-trick-en-la-victoria-del-bayer-leverkusen\/\">hat-trick que Chicharito concret\u00f3 el s\u00e1bado en Bundesliga<\/a><\/strong><\/span> <span style=\"color: #000000;\">fue motivo de tertulia alrededor del mundo. En Alemania<\/span> <strong><span style=\"color: #3366ff;\"><a style=\"color: #3366ff;\" href=\"http:\/\/futboltotal.com.mx\/2015\/12\/chicharito-idolo-campeon-de-la-bundesliga\/\">ya es un \u00eddolo<\/a>,<\/span><\/strong><span style=\"color: #3366ff;\"><span style=\"color: #000000;\"> en <strong><span style=\"color: #3366ff;\"><a style=\"color: #3366ff;\" href=\"http:\/\/futboltotal.com.mx\/2015\/12\/en-espana-destacan-el-hat-trick-de-chicharito\/\">Espa\u00f1a destacaron su\u00a0incre\u00edble \u00a0actuaci\u00f3n<\/a>\u00a0<\/span><\/strong><span style=\"color: #3366ff;\"><span style=\"color: #000000;\">y en Inglaterra, hasta una parodia provoc\u00f3.\u00a0<\/span><\/span><\/span><\/span><\/p>\n<p><span style=\"color: #000000;\">El canal <em>442oons <\/em>realiz\u00f3 una parodia en la que aborda la actuaci\u00f3n de Javier Hern\u00e1ndez y su primer triplete en el balompi\u00e9 europeo, en el que se mostr\u00f3 a manera de burla la reacci\u00f3n de Van Gaal por su hito. Deforma m\u00e1s que graciosa retratan a <strong>Chicharito<\/strong> como un vegetal muy grande y celebrando ser miembro de un club \u00fanico, el del hat-trick. <\/span><\/p>\n<p><span style=\"color: #000000;\">De pronto, Erick Lamela pide ingresar al cuarto y el mexicano le niega le entrada, debido a que el argentino realiz\u00f3 su \u00faltimo\u00a0triplete en Europa League, a lo que el argentino cuestiona, \u00bfNo se supone que tambi\u00e9n est\u00e1s en la Europa League? Ante eso, <strong>Chicharito<\/strong> entristece y acaba su segmento de aparici\u00f3n en el video.<\/span><\/p>\n<p><span style=\"color: #000000;\">El hilarante video tambi\u00e9n aborda la pol\u00e9mica en los<span style=\"color: #3366ff;\"><strong><a style=\"color: #3366ff;\" href=\"http:\/\/futboltotal.com.mx\/2015\/12\/gerard-pique-trollea-a-arbeloa\/\"> tuits de Piqu\u00e9<\/a><\/strong><\/span> y el famoso <span style=\"color: #3366ff;\"><strong><a style=\"color: #3366ff;\" href=\"http:\/\/futboltotal.com.mx\/2015\/12\/guardiola-y-su-papel-en-la-victoria-del-bayern\/\">papelito que Pep Guardiola entreg\u00f3 a Lahm<\/a><\/strong>.<\/span>\u00a0<\/span><\/p>\n<p><iframe loading=\"lazy\" src=\"https:\/\/www.youtube.com\/embed\/D2xf7-Kw_w8\" frameborder=\"0\" allowfullscreen=\"allowfullscreen\"><\/iframe><\/p>\n<p style=\"text-align: center;\"><span style=\"color: #3366ff;\"><strong><a style=\"color: #3366ff;\" href=\"http:\/\/futboltotal.com.mx\/2015\/12\/chicharito-idolo-campeon-de-la-bundesliga\/\">LEER M\u00c1S: Chicharito, \u00eddolo de la Bundesliga.\u00a0<\/a><\/strong><\/span><\/p>\n","protected":false},"excerpt":{"rendered":"<p>En Inglaterra se mofaron con una parodia de Javier y la reacci\u00f3n de Louis Van Gaal <\/p>\n","protected":false},"author":20,"featured_media":342018,"comment_status":"closed","ping_status":"closed","sticky":false,"template":"","format":"standard","meta":[],"categories":[3839,4],"tags":[119,120,6015,3757],"_links":{"self":[{"href":"http:\/\/desarrollo.grupomedios.com\/futbol\/wp-json\/wp\/v2\/posts\/342016"}],"collection":[{"href":"http:\/\/desarrollo.grupomedios.com\/futbol\/wp-json\/wp\/v2\/posts"}],"about":[{"href":"http:\/\/desarrollo.grupomedios.com\/futbol\/wp-json\/wp\/v2\/types\/post"}],"author":[{"embeddable":true,"href":"http:\/\/desarrollo.grupomedios.com\/futbol\/wp-json\/wp\/v2\/users\/20"}],"replies":[{"embeddable":true,"href":"http:\/\/desarrollo.grupomedios.com\/futbol\/wp-json\/wp\/v2\/comments?post=342016"}],"version-history":[{"count":0,"href":"http:\/\/desarrollo.grupomedios.com\/futbol\/wp-json\/wp\/v2\/posts\/342016\/revisions"}],"wp:featuredmedia":[{"embeddable":true,"href":"http:\/\/desarrollo.grupomedios.com\/futbol\/wp-json\/wp\/v2\/media\/342018"}],"wp:attachment":[{"href":"http:\/\/desarrollo.grupomedios.com\/futbol\/wp-json\/wp\/v2\/media?parent=342016"}],"wp:term":[{"taxonomy":"category","embeddable":true,"href":"http:\/\/desarrollo.grupomedios.com\/futbol\/wp-json\/wp\/v2\/categories?post=342016"},{"taxonomy":"post_tag","embeddable":true,"href":"http:\/\/desarrollo.grupomedios.com\/futbol\/wp-json\/wp\/v2\/tags?post=342016"}],"curies":[{"name":"wp","href":"https:\/\/api.w.org\/{rel}","templated":true}]}}