{"id":342112,"date":"2015-12-14T02:42:03","date_gmt":"2015-12-14T08:42:03","guid":{"rendered":"http:\/\/futboltotal.com.mx\/?p=342112"},"modified":"2015-12-15T12:13:14","modified_gmt":"2015-12-15T18:13:14","slug":"wbc-podria-desconocer-a-canelo-alvarez","status":"publish","type":"post","link":"http:\/\/desarrollo.grupomedios.com\/futbol\/box\/wbc-podria-desconocer-a-canelo-alvarez\/2015\/12","title":{"rendered":"WBC podr\u00eda desconocer al Canelo \u00c1lvarez"},"content":{"rendered":"<p>El <em>World Boxing Council<\/em> (WBC) decidi\u00f3 alargar unas horas la espera para que <strong>Sa\u00fal<\/strong> <em>Canelo<\/em> <strong>\u00c1lvarez<\/strong> y sus principales asesores, entre ellos Eddy y <em>Chepo<\/em> Reynoso,\u00a0le informen a dicho organismo los tiempos que eligieron para enfrentar a <em>GGG<\/em> Gennady Golovkin, pero todo apunta a que la Junta de Gobierno del ente box\u00edstico de a conocer que le retira el reconocimiento de monarca de peso medio al peleador mexicano\u00a0por no honrar los acuerdos que ya hab\u00eda aceptado de palabra antes de su confrontaci\u00f3n con el <em>boricua<\/em> Miguel Cotto.<\/p>\n<p>En el transcurso de las pr\u00f3ximas horas el WBC con base a la postura que adopte el peleador mexicano se encargara de esclarecer el panorama para la batalla del <em>Canelo<\/em> <strong>\u00c1lvarez<\/strong> y Golovkyn, partiendo de la base que todas las partes involucradas deben respetar sus reglas.<\/p>\n<p>Hasta donde ha trascendido, el WBC consent\u00eda que <em>Canelo<\/em>, campe\u00f3n absoluto de las 160 libras, y Golovkyn, titular interino de las 160 libras, hicieran una defensa voluntaria en el primer semestre del 2016 y que luego se diera la confrontaci\u00f3n entre los dos guerreros para unificar la corona, pero al parecer <strong>Sa\u00fal \u00c1lvarez<\/strong> y su equipo de trabajo est\u00e1n poniendo trabas para que dicha confrontaci\u00f3n se lleve a cabo el segundo semestre del 2016 tal y como lo propone el WBC.<\/p>\n<p>Ante esta perspectiva el WBC no arriesgara ni un mil\u00edmetro de su prestigio y todo hace pensar que si <em>Canelo<\/em> no se compromete de manera obligada a la pelea en los t\u00e9rminos reglamentarios que est\u00e1n establecidos y vigentes proceder\u00e1 a desconocer como campe\u00f3n a <strong>Sa\u00fal \u00c1lvarez<\/strong>.<\/p>\n<p>Entre algunas de las situaciones que no se han podido allanar para facilitar la pelea del mexicano y el de Kazajist\u00e1n, est\u00e1 el hecho de que el campo de <em>Canelo<\/em> insiste en que la pelea vaya en un peso de 155 libras para el pesaje oficial y el bando de Golovkyn quiere que sea en 160 libras, sin embargo deben existir mas diferencias de peso para que se den las negociaciones con \u00e9xito.<\/p>\n","protected":false},"excerpt":{"rendered":"<p>Por no honrar los acuerdos que ya hab\u00eda aceptado de palabra antes &#8230;<\/p>\n","protected":false},"author":20,"featured_media":332017,"comment_status":"closed","ping_status":"closed","sticky":false,"template":"","format":"standard","meta":[],"categories":[6282],"tags":[6596,5461],"_links":{"self":[{"href":"http:\/\/desarrollo.grupomedios.com\/futbol\/wp-json\/wp\/v2\/posts\/342112"}],"collection":[{"href":"http:\/\/desarrollo.grupomedios.com\/futbol\/wp-json\/wp\/v2\/posts"}],"about":[{"href":"http:\/\/desarrollo.grupomedios.com\/futbol\/wp-json\/wp\/v2\/types\/post"}],"author":[{"embeddable":true,"href":"http:\/\/desarrollo.grupomedios.com\/futbol\/wp-json\/wp\/v2\/users\/20"}],"replies":[{"embeddable":true,"href":"http:\/\/desarrollo.grupomedios.com\/futbol\/wp-json\/wp\/v2\/comments?post=342112"}],"version-history":[{"count":0,"href":"http:\/\/desarrollo.grupomedios.com\/futbol\/wp-json\/wp\/v2\/posts\/342112\/revisions"}],"wp:featuredmedia":[{"embeddable":true,"href":"http:\/\/desarrollo.grupomedios.com\/futbol\/wp-json\/wp\/v2\/media\/332017"}],"wp:attachment":[{"href":"http:\/\/desarrollo.grupomedios.com\/futbol\/wp-json\/wp\/v2\/media?parent=342112"}],"wp:term":[{"taxonomy":"category","embeddable":true,"href":"http:\/\/desarrollo.grupomedios.com\/futbol\/wp-json\/wp\/v2\/categories?post=342112"},{"taxonomy":"post_tag","embeddable":true,"href":"http:\/\/desarrollo.grupomedios.com\/futbol\/wp-json\/wp\/v2\/tags?post=342112"}],"curies":[{"name":"wp","href":"https:\/\/api.w.org\/{rel}","templated":true}]}}