{"id":342331,"date":"2015-12-14T13:28:17","date_gmt":"2015-12-14T19:28:17","guid":{"rendered":"http:\/\/futboltotal.com.mx\/?p=342331"},"modified":"2015-12-14T13:34:42","modified_gmt":"2015-12-14T19:34:42","slug":"sambueza-quintero-todos-se-quedan-en-america","status":"publish","type":"post","link":"http:\/\/desarrollo.grupomedios.com\/futbol\/futbol-mexicano\/sambueza-quintero-todos-se-quedan-en-america\/2015\/12","title":{"rendered":"Sambueza, Quintero&#8230; Todos se quedan en Am\u00e9rica"},"content":{"rendered":"<p>Todo parece indicar que el incidente dentro del partido entre el <strong>Am\u00e9rica<\/strong> y el Guangzhou Evergrande, entre Rubens <strong>Sambueza<\/strong> y Darwin <strong>Quintero<\/strong>, no tendr\u00e1 repercusiones serias dentro de la instituci\u00f3n. La intenci\u00f3n de <strong>Ricardo Pel\u00e1ez<\/strong> es da continuidad al equipo y, fuera de c\u00f3mo concluyan su participaci\u00f3n en el Mundial de Clubes, el directivo ya esta puliendo\u00a0lo que ser\u00e1 el siguiente torneo.<\/p>\n<p>El presidente deportivo del club dej\u00f3 de lado cualquier controversia acerca de la derrota de su equipo; todo parece indicar que ya habl\u00f3 de su continuidad y la de Ignacio Ambriz con el cuerpo directivo, y dio a conocer que la situaci\u00f3n contractual de Sambueza ya est\u00e1 definida. El jugador firm\u00f3 la extensi\u00f3n de su contrato con el club, y podr\u00e1n contar con \u00e9l para la pr\u00f3xima campa\u00f1a.<\/p>\n<p>&#8220;Les puedo decir que Rubens <strong>Sambueza<\/strong> ha firmado ya su contrato por dos a\u00f1os m\u00e1s, lo hizo antes del partido (contra\u00a0 Guangzhou Evergrande) y continuar\u00e1 con la instituci\u00f3n&#8221;, dej\u00f3 en claro Pel\u00e1ez.<\/p>\n<p>Adem\u00e1s, dejo entrever que, contrario a lo que se comentaba al final del encuentro en tierras japonesas, ni Darwin <strong>Quintero<\/strong> ni alg\u00fan otro jugador saldr\u00e1n de la instituci\u00f3n, al contrario, el plan es reforzar la plantilla, cosa que comenzaron a hacer con Willam Da Silva.<\/p>\n<p>&#8220;La idea que tengo es mantener esta base de jugadores e incrementarla con uno o dos elementos m\u00e1s; ya hablamos de la llegada de William&#8221;, finaliz\u00f3.<\/p>\n<p style=\"text-align: center;\"><strong><span style=\"color: #3366ff;\"><a style=\"color: #3366ff;\" href=\"http:\/\/futboltotal.com.mx\/2015\/12\/oficial-william-da-silva-refuerza-al-america\/\">LEER M\u00c1S: William Da Silva refuerza al Am\u00e9rica<\/a><\/span><\/strong><\/p>\n<p style=\"text-align: left;\">\n","protected":false},"excerpt":{"rendered":"<p>En el club quieren dos elementos m\u00e1s para reforzar la plantilla<\/p>\n","protected":false},"author":20,"featured_media":342337,"comment_status":"closed","ping_status":"closed","sticky":false,"template":"","format":"standard","meta":[],"categories":[2198,3845,5950],"tags":[5959,284,64,808],"_links":{"self":[{"href":"http:\/\/desarrollo.grupomedios.com\/futbol\/wp-json\/wp\/v2\/posts\/342331"}],"collection":[{"href":"http:\/\/desarrollo.grupomedios.com\/futbol\/wp-json\/wp\/v2\/posts"}],"about":[{"href":"http:\/\/desarrollo.grupomedios.com\/futbol\/wp-json\/wp\/v2\/types\/post"}],"author":[{"embeddable":true,"href":"http:\/\/desarrollo.grupomedios.com\/futbol\/wp-json\/wp\/v2\/users\/20"}],"replies":[{"embeddable":true,"href":"http:\/\/desarrollo.grupomedios.com\/futbol\/wp-json\/wp\/v2\/comments?post=342331"}],"version-history":[{"count":0,"href":"http:\/\/desarrollo.grupomedios.com\/futbol\/wp-json\/wp\/v2\/posts\/342331\/revisions"}],"wp:featuredmedia":[{"embeddable":true,"href":"http:\/\/desarrollo.grupomedios.com\/futbol\/wp-json\/wp\/v2\/media\/342337"}],"wp:attachment":[{"href":"http:\/\/desarrollo.grupomedios.com\/futbol\/wp-json\/wp\/v2\/media?parent=342331"}],"wp:term":[{"taxonomy":"category","embeddable":true,"href":"http:\/\/desarrollo.grupomedios.com\/futbol\/wp-json\/wp\/v2\/categories?post=342331"},{"taxonomy":"post_tag","embeddable":true,"href":"http:\/\/desarrollo.grupomedios.com\/futbol\/wp-json\/wp\/v2\/tags?post=342331"}],"curies":[{"name":"wp","href":"https:\/\/api.w.org\/{rel}","templated":true}]}}