{"id":342431,"date":"2015-12-15T19:46:16","date_gmt":"2015-12-16T01:46:16","guid":{"rendered":"http:\/\/futboltotal.com.mx\/?p=342431"},"modified":"2017-02-10T10:53:57","modified_gmt":"2017-02-10T16:53:57","slug":"nahuel-guzman-origen-del-heroe-felino","status":"publish","type":"post","link":"http:\/\/desarrollo.grupomedios.com\/futbol\/futbol-mexicano\/nahuel-guzman-origen-del-heroe-felino\/2015\/12","title":{"rendered":"Nahuel Guzm\u00e1n: el origen del h\u00e9roe felino"},"content":{"rendered":"<p>Despu\u00e9s de 120 minutos llegaron los penales. Tom\u00f3 la pelota con las dos manos, lentamente, la levant\u00f3 hacia el rostro y le dio un beso antes de colocarla en el manch\u00f3n penal. Dio siete\u00a0pasos hacia atr\u00e1s, uno a la izquierda y se perfil\u00f3. Apenas levant\u00f3 la mirada, vio a\u00a0<strong>Nahuel Guzm\u00e1n <\/strong>sobre la l\u00ednea de gol,\u00a0elevando los brazos a los costados. Inhal\u00f3 profundo, se perfil\u00f3 y, luego, dispar\u00f3&#8230;<\/p>\n<p style=\"text-align: center;\"><span style=\"color: #3366ff;\">LEER \u00a0M\u00c1S: Todas las noticias de futbol internacional<\/span><\/p>\n<p>En la ciudad de Rosario, situada en la provincia de Santa Fe, en Argentina, se encuentra el Deportivo Social Lux, fundado en mayo de 1940. Tiene once divisiones infantiles y en la primera, donde entrenan ni\u00f1os de cinco a\u00f1os de edad, <strong>Nahuel Ignacio Guzm\u00e1n<\/strong> (10 de febrero de 1986) comenz\u00f3 su id\u00edlio con la redonda. All\u00ed estuvo hasta los 14 a\u00f1os, sin los guantes puestos, hasta que decidi\u00f3 ir a probar suerte con el Newells&#8217; Old Boys.<\/p>\n<blockquote><p>&#8220;Me hice en el barrio y ac\u00e1 ven\u00eda por la cercan\u00eda que ten\u00eda con mi casa y el colegio. Lo viv\u00ed de otra manera, pero hab\u00eda mucha competitividad. Me gustaba divertirme y jugar como defensa&#8221;, cuenta <strong>Nahuel<\/strong>, hijo \u00fanico de don Jorge Guzm\u00e1n y la se\u00f1ora Patricia Palomeque.<\/p><\/blockquote>\n<p>En esa canchita de tierra, con porter\u00edas oxidadas y vetustas, el joven rosarino<strong>\u00a0<\/strong>pasaba las tardes despu\u00e9s del colegio divirti\u00e9ndose con la pelota. Se pon\u00eda la camiseta con el n\u00famero cuatro y lo que m\u00e1s disfrutaba era quitar el bal\u00f3n al contrario. Pero, cuando estaba en plena adolescencia, se atrevi\u00f3 a ir con algunos amigos del Lux a una prueba con el Newell&#8217;s. Y sin querer encontr\u00f3 su vocaci\u00f3n.<\/p>\n<p>Miguel Fullana, exfutbolista del cuadro <em>rojinegro<\/em> y quien entonces hizo la prueba, se llev\u00f3 una sorpresa al entrevistarlo.<\/p>\n<p>&#8211; \u00bfNombre?, pregunt\u00f3 Fullana.<\/p>\n<p>&#8211;\u00a0<em>Nahuel Guzm\u00e1n.<\/em><\/p>\n<p>&#8211; \u00bfEdad?<\/p>\n<p>&#8211;\u00a0<em>14 a\u00f1os.<\/em><\/p>\n<p>&#8211; \u00bfPosici\u00f3n?<\/p>\n<p>&#8211;\u00a0<em>De seis o arquero.<\/em><\/p>\n<p>&#8211; \u00bfQu\u00e9?, \u00bfC\u00f3mo que seis o arquero? \u00a1Imposible!<\/p>\n<p>&#8211;\u00a0<em>No, perd\u00f3n. Arquero, arquero.\u00a0<\/em><\/p>\n<p><iframe loading=\"lazy\" src=\"https:\/\/www.youtube.com\/embed\/Y5dw-mk-DU8\" frameborder=\"0\" allowfullscreen=\"allowfullscreen\"><\/iframe><\/p>\n<p><strong>Nahuel Guzm\u00e1n<\/strong>\u00a0lleg\u00f3 al campo de entrenamientos, como un amateur, sin represente, solo llevaba una camiseta y los guantes puestos. Y, para colmo, en el Lux nunca hab\u00eda sido guardameta. Eso s\u00ed, ten\u00eda percha de serlo. No solo por el atuendo, sino por su altura, aunque aun no alcanzaba el 1.92 metros que hoy mide. Le fue m\u00e1s que bien.<\/p>\n<blockquote><p>&#8220;Fui a probar suerte, a divertirme, como hincha del equipo, ten\u00eda el sue\u00f1o de jugar ah\u00ed. Pase mil pruebas, goleadas, de esas veces que te quieres ir a tu casa por la derrota, pero me qued\u00e9&#8221;, recuerda el portero argentino.<\/p><\/blockquote>\n<p>El <em>Pat\u00f3n <\/em>se\u00a0aferr\u00f3 a cumplir el sue\u00f1o y cinco a\u00f1os despu\u00e9s consigui\u00f3 debutar como arquero de Newell&#8217;s, en un partido ante el club Atl\u00e9tico Belgrano. En ese lustro perfeccion\u00f3 sus virtudes bajo los tres postes: buen juego con los pies, reflejos centellantes y una gran t\u00e9cnica para atajar los penaltis.<\/p>\n<blockquote><p>&#8220;Los penales son lo m\u00e1s complicado, porque debes conocer c\u00f3mo tira el rival. Ves videos, lo estudias y al final tienes que aguantar para saber a d\u00f3nde tirarte. En Newell&#8217;s los practicabamos mucho&#8221;, recuerda.<\/p><\/blockquote>\n<p>As\u00ed fue como Nahuel\u00a0comenz\u00f3 su periplo bajo los tres palos y a la postre forj\u00f3 una reputaci\u00f3n de ataja penales, que ha exhibido\u00a0en partidos memorables. Los seguidores de <em>Newell&#8217;s, <\/em>entre muchas otras cosas, por los penaltis que tap\u00f3 a\u00a0Riquelme y a Mart\u00ednez, de Boca Juniors, catapultando al equipo las Semifinales de la Copa Libertadores de 2013.<\/p>\n<p>Y&#8230; aquella noche, era\u00a0Javier Cort\u00e9s quien anhelaba anotar el cuarto penalti de una cardiaca serie. El\u00a0<em>Pat\u00f3n\u00a0<\/em>hizo el ritual de siempre: camin\u00f3 desde el manch\u00f3n penal hasta el centro de la porter\u00eda sin perder de vista al rival, se ajust\u00f3 los guantes y, sobre la linea de gol, elev\u00f3 los brazos a los costados. No import\u00f3 el zapatazo, el argentino\u00a0se tir\u00f3 un lance de postal y tap\u00f3 un penal en el partido m\u00e1s importante del a\u00f1o:\u00a0la Final del Apertura 2015.<\/p>\n<p>Minutos despu\u00e9s un grito victorioso cimbr\u00f3 las gradas. Naci\u00f3 un h\u00e9roe <em>felino<\/em>:\u00a0Nahuel Guzm\u00e1n, el mismo que volvi\u00f3 a tapar tres penales en otra final, esta vez ante Am\u00e9rica, d\u00e1ndole el quinto t\u00edtulo de liga a Tigres.<br \/>\n<iframe loading=\"lazy\" src=\"https:\/\/www.youtube.com\/embed\/hz7nm0Lt9SA\" frameborder=\"0\" allowfullscreen=\"allowfullscreen\"><\/iframe><\/p>\n","protected":false},"excerpt":{"rendered":"<p>A los 14 a\u00f1os, el oriundo de Rosario decidi\u00f3 ponerse los guantes sin ser portero <\/p>\n","protected":false},"author":20,"featured_media":342694,"comment_status":"closed","ping_status":"closed","sticky":false,"template":"","format":"standard","meta":[],"categories":[2198],"tags":[5437,6129,5973],"_links":{"self":[{"href":"http:\/\/desarrollo.grupomedios.com\/futbol\/wp-json\/wp\/v2\/posts\/342431"}],"collection":[{"href":"http:\/\/desarrollo.grupomedios.com\/futbol\/wp-json\/wp\/v2\/posts"}],"about":[{"href":"http:\/\/desarrollo.grupomedios.com\/futbol\/wp-json\/wp\/v2\/types\/post"}],"author":[{"embeddable":true,"href":"http:\/\/desarrollo.grupomedios.com\/futbol\/wp-json\/wp\/v2\/users\/20"}],"replies":[{"embeddable":true,"href":"http:\/\/desarrollo.grupomedios.com\/futbol\/wp-json\/wp\/v2\/comments?post=342431"}],"version-history":[{"count":0,"href":"http:\/\/desarrollo.grupomedios.com\/futbol\/wp-json\/wp\/v2\/posts\/342431\/revisions"}],"wp:featuredmedia":[{"embeddable":true,"href":"http:\/\/desarrollo.grupomedios.com\/futbol\/wp-json\/wp\/v2\/media\/342694"}],"wp:attachment":[{"href":"http:\/\/desarrollo.grupomedios.com\/futbol\/wp-json\/wp\/v2\/media?parent=342431"}],"wp:term":[{"taxonomy":"category","embeddable":true,"href":"http:\/\/desarrollo.grupomedios.com\/futbol\/wp-json\/wp\/v2\/categories?post=342431"},{"taxonomy":"post_tag","embeddable":true,"href":"http:\/\/desarrollo.grupomedios.com\/futbol\/wp-json\/wp\/v2\/tags?post=342431"}],"curies":[{"name":"wp","href":"https:\/\/api.w.org\/{rel}","templated":true}]}}