{"id":342458,"date":"2015-12-15T09:00:48","date_gmt":"2015-12-15T15:00:48","guid":{"rendered":"http:\/\/futboltotal.com.mx\/?p=342458"},"modified":"2015-12-15T10:29:13","modified_gmt":"2015-12-15T16:29:13","slug":"a-20-anos-de-la-ley-bosman-el-decreto-que-cambio-los-fichajes","status":"publish","type":"post","link":"http:\/\/desarrollo.grupomedios.com\/futbol\/futbol-internacional\/a-20-anos-de-la-ley-bosman-el-decreto-que-cambio-los-fichajes\/2015\/12","title":{"rendered":"La Ley Bosman, el decreto que cambi\u00f3 los fichajes"},"content":{"rendered":"<p>Muchos se preguntan por qu\u00e9 la mayor\u00eda de los clubes del planeta, est\u00e1n plagados de jugadores que no nacieron en el pa\u00eds de origen de su equipo. La respuesta est\u00e1, al menos en el contexto europeo, en el caso de <strong>Jean-Marc Bosman<\/strong>, quien en su b\u00fasqueda por encontrar la liberaci\u00f3n de los futbolistas para poder emigrar con facilidad al club que quisieran, provoc\u00f3 una desigualdad deportiva hist\u00f3rica.<\/p>\n<p><strong>Jean-Marc Bosman<\/strong>, un futbolista de origen belga, militaba en el RFC Lieja de su natal B\u00e9lgica hacia 1990, a\u00f1o en el que terminaba su contrato con el club, situaci\u00f3n que oblig\u00f3 a ambas partes a renegociar una ampliaci\u00f3n del convenio.<\/p>\n<p><a href=\"http:\/\/futboltotal.com.mx\/wp-content\/uploads\/2015\/12\/bosman-4.jpg\"><img decoding=\"async\" loading=\"lazy\" class=\"alignnone size-full wp-image-342467\" src=\"http:\/\/futboltotal.com.mx\/wp-content\/uploads\/2015\/12\/bosman-4.jpg\" alt=\"bosman-4\" srcset=\"http:\/\/desarrollo.grupomedios.com\/futbol\/wp-content\/uploads\/2015\/12\/bosman-4.jpg 820w, http:\/\/desarrollo.grupomedios.com\/futbol\/wp-content\/uploads\/2015\/12\/bosman-4-300x110.jpg 300w\" sizes=\"(max-width: 820px) 100vw, 820px\" \/><\/a><\/p>\n<p>Pero Bosman no quiso renovar el contrato con el RFC Lieja, as\u00ed que se despidi\u00f3 del equipo y eligi\u00f3 partir al USL Dunkerque, de Francia, club que aparentemente lleg\u00f3 a un acuerdo con la\u00a0anterior entidad\u00a0del futbolista, hasta que supo que la cl\u00e1usula de indemnizaci\u00f3n del jugador, constaba de 11 mil 743 francos belgas, cantidad que el conjunto <em>galo<\/em> no estaba dispuesto a pagar.<\/p>\n<p>Tras nulificarse el acuerdo, <strong>Jean-Marc Bosman<\/strong> fue apartado del RFC Lieja sin la posibilidad de ser fichado por otro club. Al futbolista no le pareci\u00f3 tal injusticia, as\u00ed que se propuso demandar al club, a la liga de B\u00e9lgica, a la UEFA y a la FIFA, por la manera en que ten\u00edan regulado el r\u00e9gimen de transferencias.<\/p>\n<p><a href=\"http:\/\/futboltotal.com.mx\/wp-content\/uploads\/2015\/12\/bosman-3.jpg\"><img decoding=\"async\" loading=\"lazy\" class=\"alignnone size-full wp-image-342468\" src=\"http:\/\/futboltotal.com.mx\/wp-content\/uploads\/2015\/12\/bosman-3.jpg\" alt=\"bosman-3\" srcset=\"http:\/\/desarrollo.grupomedios.com\/futbol\/wp-content\/uploads\/2015\/12\/bosman-3.jpg 820w, http:\/\/desarrollo.grupomedios.com\/futbol\/wp-content\/uploads\/2015\/12\/bosman-3-300x110.jpg 300w\" sizes=\"(max-width: 820px) 100vw, 820px\" \/><\/a><\/p>\n<p>Los extranjeros que quer\u00edan permanecer en un club, no pod\u00edan hacerlo debido a la restricci\u00f3n de jugadores for\u00e1neos que hab\u00edan en las ligas, as\u00ed que, tras cinco a\u00f1os de pelea legal, el 15 de diciembre de 1995, el Tribunal de Justicia de la Uni\u00f3n Europea determin\u00f3 que las normas de transferencias del futbol en el Viejo Continente\u00a0eran contrarias al derecho comunitario; es decir, a la libertad de los jugadores con cartas libres, para emigrar de club.<\/p>\n<p>Por lo tanto, la autoridad fall\u00f3 a favor de permitir que las plantillas de los clubes, no tuvieran limitaciones en su cantidad de elementos for\u00e1neos comunitarios (libres). Decreto que se conoci\u00f3 como la <strong>Ley Bosman<\/strong>.<\/p>\n<p>&#8220;No me arrepiento de haberlo hecho. Volver\u00eda a hacerlo de nuevo, pero pens\u00e9 que tendr\u00eda m\u00e1s reconocimiento&#8221;, revel\u00f3 <strong>Jean-Marc Bosman<\/strong> recientemente, a la <em>Gazzetta dello Sport<\/em>, donde tambi\u00e9n reconoci\u00f3, que en aquel entonces, no se imaginaba las dimensiones a las que llevar\u00edan sus actos.<\/p>\n<p>Enemigo del capitalismo empleado en el futbol, <strong>Jean-Marc Bosman<\/strong> peleaba por la liberaci\u00f3n de los futbolistas comunitarios; sin embargo, no se imagin\u00f3 que los clubes de mayor poder econ\u00f3mico tomar\u00edan su acto como ventaja.<\/p>\n<p><a href=\"http:\/\/futboltotal.com.mx\/wp-content\/uploads\/2015\/12\/bosman.jpg\"><img decoding=\"async\" loading=\"lazy\" class=\"alignnone size-full wp-image-342470\" src=\"http:\/\/futboltotal.com.mx\/wp-content\/uploads\/2015\/12\/bosman.jpg\" alt=\"bosman\" srcset=\"http:\/\/desarrollo.grupomedios.com\/futbol\/wp-content\/uploads\/2015\/12\/bosman.jpg 820w, http:\/\/desarrollo.grupomedios.com\/futbol\/wp-content\/uploads\/2015\/12\/bosman-300x110.jpg 300w\" sizes=\"(max-width: 820px) 100vw, 820px\" \/><\/a><\/p>\n<p>A partir de la <strong>Ley Bosman<\/strong>, equipos como Manchester United, Real Madrid, Juventus, Barcelona, Chelsea, y algunos\u00a0otros colosos del balompi\u00e9 europeo, aprovecharon para llenar sus plantillas con los mejores futbolistas extranjeros, sin limitaci\u00f3n alguna, pues sus bolsillos estaban llenos del potencial para llevar a cabo los fichajes.<\/p>\n<p>\u201cTodo el mundo ha ganado, menos yo. He dado felicidad a mucha gente. No es normal que haya quien gane trescientos mil euros por semana y yo cero&#8221;, se\u00f1al\u00f3 <strong>Jean-Marc Bosman<\/strong>, cuando le preguntaron sobre su Ley, que termin\u00f3 por dar ventaja a los clubes econ\u00f3micamente poderosos, y dejar en el abismo a los clubes peque\u00f1os, que ahora s\u00f3lo pueden disputar por ascender o no descender.<\/p>\n<p><a href=\"http:\/\/futboltotal.com.mx\/wp-content\/uploads\/2015\/12\/bosman-1.jpg\"><img decoding=\"async\" loading=\"lazy\" class=\"alignnone size-full wp-image-342469\" src=\"http:\/\/futboltotal.com.mx\/wp-content\/uploads\/2015\/12\/bosman-1.jpg\" alt=\"bosman-1\" srcset=\"http:\/\/desarrollo.grupomedios.com\/futbol\/wp-content\/uploads\/2015\/12\/bosman-1.jpg 820w, http:\/\/desarrollo.grupomedios.com\/futbol\/wp-content\/uploads\/2015\/12\/bosman-1-300x110.jpg 300w\" sizes=\"(max-width: 820px) 100vw, 820px\" \/><\/a><\/p>\n<p>Tras ver que los cambios en el balompi\u00e9 no fueron muchos, debido a la vetaja que tomaron los hombres de poder del deporte, <strong>Jean-Marc Bosman<\/strong> concluye un par de cosas: que su gusto por el futbol se ha reducido, y que no haya un poco de cultura entre los jugadores, quienes desconocen el porqu\u00e9 ganan grandes cantidades de dinero, o porque son s\u00f3lo algunos, los que entran en los clubes gigantes.<\/p>\n<p>\u201cLos jugadores eran animales enjaulados y yo los liber\u00e9. Sin embargo, el f\u00fatbol ha terminado convirti\u00e9ndose en un negocio. Ya no me gusta por eso. No cambiar\u00eda nada de lo que hice. Ahora nada me causa dolor, pero s\u00ed me decepciona que los futbolistas ni siquiera conozcan lo que debimos luchar por sus derechos\u201d, sentenci\u00f3 el exfutbolista.<\/p>\n","protected":false},"excerpt":{"rendered":"<p>La raz\u00f3n de que los clubes europeos est\u00e9n plagados de extranjeros<\/p>\n","protected":false},"author":20,"featured_media":342461,"comment_status":"closed","ping_status":"closed","sticky":false,"template":"","format":"standard","meta":[],"categories":[5419,3839,3844,3846,3848,5951],"tags":[5460,640,6591,2604,5771],"_links":{"self":[{"href":"http:\/\/desarrollo.grupomedios.com\/futbol\/wp-json\/wp\/v2\/posts\/342458"}],"collection":[{"href":"http:\/\/desarrollo.grupomedios.com\/futbol\/wp-json\/wp\/v2\/posts"}],"about":[{"href":"http:\/\/desarrollo.grupomedios.com\/futbol\/wp-json\/wp\/v2\/types\/post"}],"author":[{"embeddable":true,"href":"http:\/\/desarrollo.grupomedios.com\/futbol\/wp-json\/wp\/v2\/users\/20"}],"replies":[{"embeddable":true,"href":"http:\/\/desarrollo.grupomedios.com\/futbol\/wp-json\/wp\/v2\/comments?post=342458"}],"version-history":[{"count":0,"href":"http:\/\/desarrollo.grupomedios.com\/futbol\/wp-json\/wp\/v2\/posts\/342458\/revisions"}],"wp:featuredmedia":[{"embeddable":true,"href":"http:\/\/desarrollo.grupomedios.com\/futbol\/wp-json\/wp\/v2\/media\/342461"}],"wp:attachment":[{"href":"http:\/\/desarrollo.grupomedios.com\/futbol\/wp-json\/wp\/v2\/media?parent=342458"}],"wp:term":[{"taxonomy":"category","embeddable":true,"href":"http:\/\/desarrollo.grupomedios.com\/futbol\/wp-json\/wp\/v2\/categories?post=342458"},{"taxonomy":"post_tag","embeddable":true,"href":"http:\/\/desarrollo.grupomedios.com\/futbol\/wp-json\/wp\/v2\/tags?post=342458"}],"curies":[{"name":"wp","href":"https:\/\/api.w.org\/{rel}","templated":true}]}}