{"id":342539,"date":"2015-12-16T23:50:56","date_gmt":"2015-12-17T05:50:56","guid":{"rendered":"http:\/\/futboltotal.com.mx\/?p=342539"},"modified":"2015-12-17T16:24:24","modified_gmt":"2015-12-17T22:24:24","slug":"chicharito-con-los-mismos-goles-que-manchester-united","status":"publish","type":"post","link":"http:\/\/desarrollo.grupomedios.com\/futbol\/destacado-home\/chicharito-con-los-mismos-goles-que-manchester-united\/2015\/12","title":{"rendered":"Chicharito, con los mismos goles que United"},"content":{"rendered":"<p>Tomando en cuenta el mes de octubre, <strong>Chicharito Hern\u00e1ndez\u00a0<\/strong><strong>lleva los mismos goles que el Manchester United<\/strong> en sus respectivos torneos locales.\u00a0En esa analog\u00eda, Hern\u00e1ndez ha dejado de marcar en tres partidos, mientras que los\u00a0<em>Red Devils<\/em>\u00a0en cuatro no vieron puerta. Ninguna manera mejor de callar bocas.<\/p>\n<p><a href=\"http:\/\/futboltotal.com.mx\/wp-content\/uploads\/2015\/12\/chicharoVSmanchester.jpg\"><img decoding=\"async\" loading=\"lazy\" class=\"alignnone size-full wp-image-342540\" src=\"http:\/\/futboltotal.com.mx\/wp-content\/uploads\/2015\/12\/chicharoVSmanchester.jpg\" alt=\"chicharoVSmanchester\" srcset=\"http:\/\/desarrollo.grupomedios.com\/futbol\/wp-content\/uploads\/2015\/12\/chicharoVSmanchester.jpg 820w, http:\/\/desarrollo.grupomedios.com\/futbol\/wp-content\/uploads\/2015\/12\/chicharoVSmanchester-233x300.jpg 233w, http:\/\/desarrollo.grupomedios.com\/futbol\/wp-content\/uploads\/2015\/12\/chicharoVSmanchester-794x1024.jpg 794w\" sizes=\"(max-width: 820px) 100vw, 820px\" \/><\/a><\/p>\n<p>La temporada sobresaliente que ha dise\u00f1ado <strong>Javier Hern\u00e1ndez<\/strong> lo tiene en los ojos del mundo entero. Su presente es magn\u00edfico, tanto, que su racha de festejos\u00a0es mejor que la de los dos m\u00e1s grandes futbolistas del mundo y dominadores absolutos del Bal\u00f3n de Oro: Cristiano Ronaldo y Lionel Messi.<\/p>\n<p>No solo ellos sufren ante las estad\u00edsticas del <strong>Chicharito<\/strong>, sin duda el m\u00e1ximo referente ofensivo del\u00a0Bayer Leverkusen\u00a0que actualmente puede presumir ser\u00a0<a href=\"http:\/\/futboltotal.com.mx\/2015\/12\/chicharito-el-mejor-goleador-del-mundo\/\">el mejor goleador del mundo<\/a>.<\/p>\n<p style=\"text-align: center;\"><strong><a style=\"color: #3366ff;\" href=\"http:\/\/futboltotal.com.mx\/2015\/12\/chicharito-anota-con-el-leverkusen-en-copa\/\">LEER M\u00c1S: Javier Hern\u00e1ndez anota con el Bayer Leverkusen en Copa<\/a><\/strong><\/p>\n<p>El presente es fant\u00e1stico para el goleador mexicano, una situaci\u00f3n que no espero, al menos, que ocurriera en Alemania. Para <strong>Chicharito<\/strong> era prioridad hacerse de un lugar con el Manchester United y todo parec\u00eda posible, en gran medida por el exilio de Falcao y Van Persie de la ofensiva de los <em>Red Devils<\/em>. El canterano de las Chivas finaliz\u00f3 el curso anterior con el Real Madrid de buena manera, fue eficaz de cara al arco, pero ni eso convenci\u00f3 a los<em> merengues<\/em> de realizar la compra.<\/p>\n<p>El verano para <strong>Javier Hern\u00e1ndez<\/strong> fue complicado. Su perseverancia no hac\u00eda diferencia para Van Gaal y en los partidos solo jugaba los minutos de relleno. En uno de los mencionados, Manchester United se enfrent\u00f3 al Brujas por el pase a la fase de grupos de <em>Champions League<\/em>. Con la eliminatoria definida, era el momento de brillar y convencer al pol\u00e9mico estratega holand\u00e9s de su eficacia de cara al arco, aunque no hizo m\u00e1s que provocar la molestia del mismo. Un penal, con resbal\u00f3n incluido y una pelota mandada a las tribunas cuando solo necesitaba empujarla a las redes, gener\u00f3 un cambio, quiz\u00e1s poco presupuestado, pero m\u00e1s que necesario.<\/p>\n<p style=\"text-align: center;\"><span style=\"color: #3366ff;\"><strong><a style=\"color: #3366ff;\" href=\"http:\/\/futboltotal.com.mx\/2015\/12\/chicharito-el-mejor-goleador-del-mundo\/\">LEER M\u00c1S: Chicharito, el mejor goleador del mundo<\/a><\/strong><\/span><\/p>\n<p>El Bayer Leverkusen hab\u00eda pujado un a\u00f1o antes por llevarse al mexicano y esta vez, no iba \u00a0a dejar pasar la oportunidad. El 31 de agosto el traspaso se hizo oficial y el destino fue ben\u00e9volo para el<em> killer azteca<\/em>.\u00a0&#8220;La Bundesliga es muy ofensiva, y eso es muy atractivo para m\u00ed&#8221;, dijo <strong>Javier\u00a0Hern\u00e1ndez<\/strong> en pleno reconocimiento\u00a0a las instalaciones de su nuevo club. &#8220;El Bayer 04 representa una nueva oportunidad para m\u00ed. Y vine aqu\u00ed porque quiero ganar&#8221;, sentenci\u00f3.<\/p>\n<p>El director deportivo, Rudi V\u00f6eller, destac\u00f3 las cualidades ofensivas del nuevo fichaje. &#8220;Es vivaz, \u00e1gil y r\u00e1pido. Combina fuerza con una gran destreza t\u00e9cnica&#8230; La Bundesliga puede estar contenta por la llegada de un gran jugador&#8221;.<\/p>\n<p>Vaya que no ment\u00eda el hist\u00f3rico alem\u00e1n. En menos de un semestre regres\u00f3 la alegr\u00eda para Javier. La confianza fue reencontrada y ese gran jugador se transform\u00f3 en algo much\u00edsimo mejor. <strong>Chicharito<\/strong> mut\u00f3 en <a href=\"http:\/\/futboltotal.com.mx\/2015\/12\/chicharito-idolo-campeon-de-la-bundesliga\/\">el \u00eddolo de la Bundesliga<\/a>\u00a0afuera de la cancha y por supuesto, en el rect\u00e1ngulo verde. Para muestra, la gran algarab\u00eda generada en\u00a0la fanaticada de las <em>Aspirinas<\/em><a href=\"http:\/\/futboltotal.com.mx\/2015\/12\/chicharito-hace-hat-trick-en-la-victoria-del-bayer-leverkusen\/\"> tras su hat-trick<\/a>, primero en tierras alemanas.<\/p>\n<p style=\"text-align: center;\"><span style=\"color: #3366ff;\"><strong><a style=\"color: #3366ff;\" href=\"http:\/\/futboltotal.com.mx\/2015\/12\/chicharito-aparece-en-todos-los-11-ideales-en-bundesliga\/\">LEER M\u00c1S: Chicharito aparece en todos los 11 ideales de Bundesliga<\/a><\/strong><\/span><\/p>\n<p>La raz\u00f3n de su cambio profundo fue Van Gaal, quien le cerr\u00f3 las puertas del United pero le abri\u00f3 las puertas del \u00e9xito, en un equipo con menos historia pero, con el deseo m\u00e1ximo de los goles de <strong>Chicharito<\/strong> y la confianza plasmada con la participaci\u00f3n so\u00f1ada por el mexicano.\u00a0\u201cTuve una pl\u00e1tica con Van Gaal y me dijo que solo ten\u00eda el uno por ciento de probabilidades de jugar en mi posici\u00f3n\u201d, declar\u00f3 <strong>Javier\u00a0Hern\u00e1ndez<\/strong> para <em>Fiebre Maldini, <\/em>en pasados d\u00edas,\u00a0acusando as\u00ed su elecci\u00f3n por el traspaso.<\/p>\n<p>La situaci\u00f3n no era nueva para <em>CH7<\/em>. Van Gaal le transmiti\u00f3 en el verano del 2014 que \u201csi ten\u00eda una oferta aceptara\u201d, a la segunda no lo dud\u00f3 y el presente dice que fue la elecci\u00f3n de\u00a0su vida. Eso fue para el delantero mexicano,\u00a0quien tomando en cuenta el mes de octubre\u00a0<strong>lleva los mismos goles que el Manchester United en el torneo casero<\/strong>. En esa analog\u00eda, Hern\u00e1ndez ha dejado de marcar en tres partidos, mientras que los <em>Red Devils<\/em> en cuatro no vieron puerta. Ninguna manera mejor de callar bocas.<\/p>\n<p><span style=\"color: #ff0000;\">UNA TEMPORADA DE ENSUE\u00d1O<\/span>&#8230; No es la \u00fanica noticia con la que Chicharito se regodea. El mexicano est\u00e1 a solo tres goles de superar su mejor marca en Europa, estad\u00edstica que firm\u00f3 en la temporada 2010-2011 ( la de su estreno en el Viejo Continente) en la que meti\u00f3 20 a falta de m\u00e1s de la mitad de la temporada.<\/p>\n<p><a href=\"http:\/\/futboltotal.com.mx\/wp-content\/uploads\/2015\/12\/18golesenlatemporadachicharito.jpg\"><img decoding=\"async\" loading=\"lazy\" class=\"alignnone size-full wp-image-342580\" src=\"http:\/\/futboltotal.com.mx\/wp-content\/uploads\/2015\/12\/18golesenlatemporadachicharito.jpg\" alt=\"18golesenlatemporadachicharito\" srcset=\"http:\/\/desarrollo.grupomedios.com\/futbol\/wp-content\/uploads\/2015\/12\/18golesenlatemporadachicharito.jpg 820w, http:\/\/desarrollo.grupomedios.com\/futbol\/wp-content\/uploads\/2015\/12\/18golesenlatemporadachicharito-216x300.jpg 216w, http:\/\/desarrollo.grupomedios.com\/futbol\/wp-content\/uploads\/2015\/12\/18golesenlatemporadachicharito-736x1024.jpg 736w\" sizes=\"(max-width: 820px) 100vw, 820px\" \/><\/a><\/p>\n","protected":false},"excerpt":{"rendered":"<p>El delantero mexicano presume una notable productividad ofensiva<\/p>\n","protected":false},"author":20,"featured_media":342541,"comment_status":"closed","ping_status":"closed","sticky":false,"template":"","format":"standard","meta":[],"categories":[5,3839,3846],"tags":[4335,119,120,780,43],"_links":{"self":[{"href":"http:\/\/desarrollo.grupomedios.com\/futbol\/wp-json\/wp\/v2\/posts\/342539"}],"collection":[{"href":"http:\/\/desarrollo.grupomedios.com\/futbol\/wp-json\/wp\/v2\/posts"}],"about":[{"href":"http:\/\/desarrollo.grupomedios.com\/futbol\/wp-json\/wp\/v2\/types\/post"}],"author":[{"embeddable":true,"href":"http:\/\/desarrollo.grupomedios.com\/futbol\/wp-json\/wp\/v2\/users\/20"}],"replies":[{"embeddable":true,"href":"http:\/\/desarrollo.grupomedios.com\/futbol\/wp-json\/wp\/v2\/comments?post=342539"}],"version-history":[{"count":0,"href":"http:\/\/desarrollo.grupomedios.com\/futbol\/wp-json\/wp\/v2\/posts\/342539\/revisions"}],"wp:featuredmedia":[{"embeddable":true,"href":"http:\/\/desarrollo.grupomedios.com\/futbol\/wp-json\/wp\/v2\/media\/342541"}],"wp:attachment":[{"href":"http:\/\/desarrollo.grupomedios.com\/futbol\/wp-json\/wp\/v2\/media?parent=342539"}],"wp:term":[{"taxonomy":"category","embeddable":true,"href":"http:\/\/desarrollo.grupomedios.com\/futbol\/wp-json\/wp\/v2\/categories?post=342539"},{"taxonomy":"post_tag","embeddable":true,"href":"http:\/\/desarrollo.grupomedios.com\/futbol\/wp-json\/wp\/v2\/tags?post=342539"}],"curies":[{"name":"wp","href":"https:\/\/api.w.org\/{rel}","templated":true}]}}