{"id":342747,"date":"2015-12-16T10:07:07","date_gmt":"2015-12-16T16:07:07","guid":{"rendered":"http:\/\/futboltotal.com.mx\/?p=342747"},"modified":"2015-12-16T10:47:50","modified_gmt":"2015-12-16T16:47:50","slug":"josep-guardiola-dejara-al-bayern-munich","status":"publish","type":"post","link":"http:\/\/desarrollo.grupomedios.com\/futbol\/futbol-internacional\/josep-guardiola-dejara-al-bayern-munich\/2015\/12","title":{"rendered":"Josep Guardiola dejar\u00e1 al Bayern M\u00fanich"},"content":{"rendered":"<p>Diciembre estaba marcado en el calendario del <strong>Bayern M\u00fanich<\/strong> como el mes en que se definir\u00eda la la continuidad de <strong>Josep Guardiola<\/strong> como director t\u00e9cnico del club. La directiva de los b\u00e1varos ya recibi\u00f3 una respuesta del entrenador espa\u00f1ol. No renovar\u00e1 y se ir\u00e1 a final de temporada.<\/p>\n<p>La prensa espa\u00f1ola destap\u00f3 este mi\u00e9rcoles que <em>Pep <\/em>ha comunicado a la c\u00fapula del equipo que no aceptara la propuesta de renovaci\u00f3n que recibi\u00f3 desde el pasado mes de octubre. Ni siquiera 20 millones de euros por temporada, que lo har\u00edan el entrenador mejor pagado del mundo -por encima del t\u00e9cnico del Chelsea, Jos\u00e9 Mourinho- pudieron convencerlo.<\/p>\n<p style=\"text-align: center;\"><span style=\"color: #3366ff;\"><strong><a style=\"color: #3366ff;\" href=\"http:\/\/futboltotal.com.mx\/?s=bundesliga\">LEER M\u00c1S: Todas las noticias de la Bundesliga <\/a><\/strong><\/span><\/p>\n<p>En Alemania aun no hay nada oficial sobre la salida de <strong>Guardiola<\/strong>, quien termina contrato el 30 de junio de 2016. Sin embargo, el diario <em>Marca<\/em> publica este mi\u00e9rcoles que la decisi\u00f3n de <em>Pep<\/em> es irrevocable. Aun no se sabe si el Bayern oficializar\u00e1 su salida en las pr\u00f3ximos d\u00edas, tal y como ocurri\u00f3 con el fin de ciclo del extimonel Jupp Heynckes, o esperar\u00e1n al par\u00f3n invernal.<\/p>\n<p>Seg\u00fan el diario,<strong> Guardiola<\/strong> habr\u00eda tomado la decisi\u00f3n ante la necesidad de &#8220;buscar nuevos horizontes&#8221;, el desgaste f\u00edsico en exceso y &#8220;una relaci\u00f3n con los dirigentes del club que ha sufrido todo tipo de altibajos&#8221;.\u00a0 En el horizonte le queda decidir si toma un a\u00f1o sab\u00e1tico o asume el nuevo reto de ir a la Premier League, destino donde ha sido colocado desde el pasado verano en clubes como el Manchester City y, recientemente, el Manchester United, que no da una con Van Gaal en el banquillo.<\/p>\n<p>&nbsp;<\/p>\n","protected":false},"excerpt":{"rendered":"<p>El Santpedor rechaz\u00f3 convertirse en el entrenador mejor pagado del mundo<\/p>\n","protected":false},"author":20,"featured_media":342748,"comment_status":"closed","ping_status":"closed","sticky":false,"template":"","format":"standard","meta":[],"categories":[3839,5951],"tags":[2056,2510],"_links":{"self":[{"href":"http:\/\/desarrollo.grupomedios.com\/futbol\/wp-json\/wp\/v2\/posts\/342747"}],"collection":[{"href":"http:\/\/desarrollo.grupomedios.com\/futbol\/wp-json\/wp\/v2\/posts"}],"about":[{"href":"http:\/\/desarrollo.grupomedios.com\/futbol\/wp-json\/wp\/v2\/types\/post"}],"author":[{"embeddable":true,"href":"http:\/\/desarrollo.grupomedios.com\/futbol\/wp-json\/wp\/v2\/users\/20"}],"replies":[{"embeddable":true,"href":"http:\/\/desarrollo.grupomedios.com\/futbol\/wp-json\/wp\/v2\/comments?post=342747"}],"version-history":[{"count":0,"href":"http:\/\/desarrollo.grupomedios.com\/futbol\/wp-json\/wp\/v2\/posts\/342747\/revisions"}],"wp:featuredmedia":[{"embeddable":true,"href":"http:\/\/desarrollo.grupomedios.com\/futbol\/wp-json\/wp\/v2\/media\/342748"}],"wp:attachment":[{"href":"http:\/\/desarrollo.grupomedios.com\/futbol\/wp-json\/wp\/v2\/media?parent=342747"}],"wp:term":[{"taxonomy":"category","embeddable":true,"href":"http:\/\/desarrollo.grupomedios.com\/futbol\/wp-json\/wp\/v2\/categories?post=342747"},{"taxonomy":"post_tag","embeddable":true,"href":"http:\/\/desarrollo.grupomedios.com\/futbol\/wp-json\/wp\/v2\/tags?post=342747"}],"curies":[{"name":"wp","href":"https:\/\/api.w.org\/{rel}","templated":true}]}}