{"id":342808,"date":"2015-12-16T15:44:03","date_gmt":"2015-12-16T21:44:03","guid":{"rendered":"http:\/\/futboltotal.com.mx\/?p=342808"},"modified":"2015-12-17T10:28:26","modified_gmt":"2015-12-17T16:28:26","slug":"memo-ochoa-vuelve-a-recibir-gol-con-malaga","status":"publish","type":"post","link":"http:\/\/desarrollo.grupomedios.com\/futbol\/videos\/memo-ochoa-vuelve-a-recibir-gol-con-malaga\/2015\/12","title":{"rendered":"Memo Ochoa vuelve a recibir gol con M\u00e1laga"},"content":{"rendered":"<p>El portero mexicano <strong>Guillermo Ochoa<\/strong> no la pas\u00f3 nada bien con el <strong>M\u00e1laga<\/strong> en Copa del Rey. En su segundo partido de la temporada volvi\u00f3 a recibir gol -su tercero en dos partidos- en la Vuelta de los dieciseisavos de Final de Copa del Rey.<\/p>\n<p>Tras una jugada por la banda izquierda, Alex Garc\u00eda meti\u00f3 un gran centro y Lagos Junior remat\u00f3 a placer al borde del \u00e1rea chica al minuto 74. Nig\u00fan elemento del M\u00e1laga intent\u00f3 cortar el servicio y <strong>Memo Ochoa<\/strong> se qued\u00f3 est\u00e1tico ante la definici\u00f3n.<\/p>\n<p>El M\u00e1laga no pudo remontar la eliminatoria en la Rosaleda despu\u00e9s de haber recibido el 2-1 en la Ida y ha quedado eliminado de la competici\u00f3n. En tanto el Mirand\u00e9s dio el campanazo y clasific\u00f3 a Octavos de Final.<\/p>\n<p style=\"text-align: center;\"><span style=\"color: #3366ff;\"><strong><a style=\"color: #3366ff;\" href=\"http:\/\/futboltotal.com.mx\/2015\/11\/opciones-de-memo-ochoa-para-cambiar-de-club\/\">LEER M\u00c1S: Opciones de Memo Ochoa para cambiar de club<\/a><\/strong><\/span><\/p>\n<p><iframe loading=\"lazy\" src=\"https:\/\/www.youtube.com\/embed\/YePUCUvrM-Y\" frameborder=\"0\" allowfullscreen=\"allowfullscreen\"><\/iframe><\/p>\n","protected":false},"excerpt":{"rendered":"<p>El mexicano recibi\u00f3 ante Mir\u00e1ndes su tercer gol en dos partidos de Copa del Rey<\/p>\n","protected":false},"author":20,"featured_media":342813,"comment_status":"closed","ping_status":"closed","sticky":false,"template":"","format":"standard","meta":[],"categories":[3839,4],"tags":[5991,306],"_links":{"self":[{"href":"http:\/\/desarrollo.grupomedios.com\/futbol\/wp-json\/wp\/v2\/posts\/342808"}],"collection":[{"href":"http:\/\/desarrollo.grupomedios.com\/futbol\/wp-json\/wp\/v2\/posts"}],"about":[{"href":"http:\/\/desarrollo.grupomedios.com\/futbol\/wp-json\/wp\/v2\/types\/post"}],"author":[{"embeddable":true,"href":"http:\/\/desarrollo.grupomedios.com\/futbol\/wp-json\/wp\/v2\/users\/20"}],"replies":[{"embeddable":true,"href":"http:\/\/desarrollo.grupomedios.com\/futbol\/wp-json\/wp\/v2\/comments?post=342808"}],"version-history":[{"count":0,"href":"http:\/\/desarrollo.grupomedios.com\/futbol\/wp-json\/wp\/v2\/posts\/342808\/revisions"}],"wp:featuredmedia":[{"embeddable":true,"href":"http:\/\/desarrollo.grupomedios.com\/futbol\/wp-json\/wp\/v2\/media\/342813"}],"wp:attachment":[{"href":"http:\/\/desarrollo.grupomedios.com\/futbol\/wp-json\/wp\/v2\/media?parent=342808"}],"wp:term":[{"taxonomy":"category","embeddable":true,"href":"http:\/\/desarrollo.grupomedios.com\/futbol\/wp-json\/wp\/v2\/categories?post=342808"},{"taxonomy":"post_tag","embeddable":true,"href":"http:\/\/desarrollo.grupomedios.com\/futbol\/wp-json\/wp\/v2\/tags?post=342808"}],"curies":[{"name":"wp","href":"https:\/\/api.w.org\/{rel}","templated":true}]}}