{"id":342821,"date":"2015-12-16T17:11:07","date_gmt":"2015-12-16T23:11:07","guid":{"rendered":"http:\/\/futboltotal.com.mx\/?p=342821"},"modified":"2015-12-29T10:55:25","modified_gmt":"2015-12-29T16:55:25","slug":"se-acabo-la-temporada-para-guillermo-ochoa","status":"publish","type":"post","link":"http:\/\/desarrollo.grupomedios.com\/futbol\/destacado-home\/se-acabo-la-temporada-para-guillermo-ochoa\/2015\/12","title":{"rendered":"Se acab\u00f3 la temporada para Guillermo Ochoa"},"content":{"rendered":"<p>No hubo milagro en La Rosaleda. El <strong>M\u00e1laga<\/strong> qued\u00f3 eliminado en Copa del Rey a manos del Mirand\u00e9s, club de la segunda divisi\u00f3n espa\u00f1ola. El resultado pone fin a la actividad de<strong> Guillermo Ochoa<\/strong>, descartado por el t\u00e9cnico Javi Gracia para alternar la porter\u00eda con el camerun\u00e9s Carlos Kameni.<\/p>\n<p>El <strong>M\u00e1laga<\/strong> atraviesa el momento m\u00e1s delicado desde que lleg\u00f3 el timonel Javi Gracia para suplir a Bernd Schuster en el verano del 2014. En Liga est\u00e1n cerca de la zona de descenso -s\u00f3lo han conseguido dos victorias en 16 fechas- y la Copa ya es historia.<\/p>\n<p><strong>Memo Ochoa<\/strong> es uno de los que ha padecido el paup\u00e9rrimo a\u00f1o de los andaluces. Y desde que arranc\u00f3 la campa\u00f1a 2015-16 esperaba con ansia que llegara diciembre para poder tener actividad. El gusto, poco le dur\u00f3.<em><br \/>\n<\/em><\/p>\n<p>Debut\u00f3 en la presente edici\u00f3n de la Copa del Rey el 3 de diciembre,\u00a0en el partido de Ida. Y tuvo una noche para el olvido. Poco despu\u00e9s de la media hora recibi\u00f3 su primer gol despu\u00e9s de 308 d\u00edas sin tener actividad con su club. Lo vulner\u00f3 Alex Garc\u00eda ante la endeble marca de cuatro defensas y, aunque recobr\u00f3 el \u00e1nimo cuando Santa Cruz firm\u00f3 la igualada, termin\u00f3 abatido tras un remate a bocajarro de Lago Junior.<\/p>\n<p style=\"text-align: center;\"><strong><span style=\"color: #3366ff;\"><a style=\"color: #3366ff;\" href=\"http:\/\/futboltotal.com.mx\/2015\/12\/noche-triste-para-mexicanos-en-copa-del-rey\/\">LEER M\u00c1S: Noche triste para mexicanos en Copa del Rey<\/a><\/span><\/strong><\/p>\n<p>13\u00a0d\u00edas despu\u00e9s de aquel amargo episodio, <strong>Guillermo\u00a0Ochoa<\/strong> apareci\u00f3 para disputar su primer partido de la campa\u00f1a en La Rosaleda, el sitio donde la \u00faltima vez que se plant\u00f3 como titular\u00a0(21 de enero del 2015) dio exhibici\u00f3n de atajadas ante Athletic de Bilbao y mantuvo el marco imbatible en el mismo certamen.<\/p>\n<p>El <strong>M\u00e1laga<\/strong> necesitaba de un gol para forzar la pr\u00f3rroga y parec\u00eda que podr\u00edan conseguirlo, pero se le escaparon 45 minutos sin ton ni son, donde fallaron Amrabat, Roque y Carlos y Horta. <strong>Memo Ochoa<\/strong>, lleno de \u00edmpetu, respald\u00f3 a los suyos y los areng\u00f3 con aplausos y gritos rumbo al vestidor.<\/p>\n<p>Faltaban poco m\u00e1s de un cuarto de hora cuando cay\u00f3 el gol. Alex Garc\u00eda y Lago Junior, el mismo que anot\u00f3 el \u00faltimo gol en la Ida, repitieron la dosis y batieron al portero mexicano, cuya reacci\u00f3n fue la de un simple espectador. El gol sentenci\u00f3 el 1-3 global que elimin\u00f3 al <strong>M\u00e1laga<\/strong> de la Copa del Rey.<\/p>\n<p><strong>Guillermo Ochoa<\/strong> no tendr\u00e1 m\u00e1s actividad en la temporada a nivel de clubes. Carlos Kameni seguir\u00e1 como titular en liga y el mexicano deber\u00e1 valorar junto a la directiva del club si se va o se queda en el mercado invernal. El panorama es complicado, ya que no posee pasaporte comunitario. Lo \u00faltimo que public\u00f3 la prensa esp\u00e1\u00f1ola es que no ha llegado una oferta formal por sus servicios. El futuro del mexicano es una inc\u00f3gnita.<\/p>\n","protected":false},"excerpt":{"rendered":"<p>El M\u00e1laga qued\u00f3 eliminado de Copa del Rey y el futuro del mexicano es una inc\u00f3gnita <\/p>\n","protected":false},"author":20,"featured_media":342850,"comment_status":"closed","ping_status":"closed","sticky":false,"template":"","format":"standard","meta":[],"categories":[5,3839],"tags":[5991,306],"_links":{"self":[{"href":"http:\/\/desarrollo.grupomedios.com\/futbol\/wp-json\/wp\/v2\/posts\/342821"}],"collection":[{"href":"http:\/\/desarrollo.grupomedios.com\/futbol\/wp-json\/wp\/v2\/posts"}],"about":[{"href":"http:\/\/desarrollo.grupomedios.com\/futbol\/wp-json\/wp\/v2\/types\/post"}],"author":[{"embeddable":true,"href":"http:\/\/desarrollo.grupomedios.com\/futbol\/wp-json\/wp\/v2\/users\/20"}],"replies":[{"embeddable":true,"href":"http:\/\/desarrollo.grupomedios.com\/futbol\/wp-json\/wp\/v2\/comments?post=342821"}],"version-history":[{"count":0,"href":"http:\/\/desarrollo.grupomedios.com\/futbol\/wp-json\/wp\/v2\/posts\/342821\/revisions"}],"wp:featuredmedia":[{"embeddable":true,"href":"http:\/\/desarrollo.grupomedios.com\/futbol\/wp-json\/wp\/v2\/media\/342850"}],"wp:attachment":[{"href":"http:\/\/desarrollo.grupomedios.com\/futbol\/wp-json\/wp\/v2\/media?parent=342821"}],"wp:term":[{"taxonomy":"category","embeddable":true,"href":"http:\/\/desarrollo.grupomedios.com\/futbol\/wp-json\/wp\/v2\/categories?post=342821"},{"taxonomy":"post_tag","embeddable":true,"href":"http:\/\/desarrollo.grupomedios.com\/futbol\/wp-json\/wp\/v2\/tags?post=342821"}],"curies":[{"name":"wp","href":"https:\/\/api.w.org\/{rel}","templated":true}]}}