{"id":342846,"date":"2015-12-16T17:36:02","date_gmt":"2015-12-16T23:36:02","guid":{"rendered":"http:\/\/futboltotal.com.mx\/?p=342846"},"modified":"2015-12-16T17:37:33","modified_gmt":"2015-12-16T23:37:33","slug":"noche-triste-para-mexicanos-en-copa-del-rey","status":"publish","type":"post","link":"http:\/\/desarrollo.grupomedios.com\/futbol\/futbol-internacional\/noche-triste-para-mexicanos-en-copa-del-rey\/2015\/12","title":{"rendered":"Noche triste para mexicanos en Copa del Rey"},"content":{"rendered":"<p>No todo es miel sobre hojuelas para los <strong>mexicanos<\/strong>\u00a0en Espa\u00f1a. Carlos <strong>Vela<\/strong>, Diego <strong>Reyes<\/strong> y Guillermo <strong>Ochoa<\/strong>, quienes militan en\u00a0la Real Sociedad y M\u00e1laga, respectivamente, han quedado eliminados de la <strong>Copa del Rey<\/strong>.<\/p>\n<p>La Real Sociedad, a pesar de adelantarse en el marcador, el pasado 3 de diciembre, en el primer encuentro de la cuarta ronda, ante el conjunto de Las Palmas, termin\u00f3 cayendo por electr\u00f3nico 2-1. Dicho partido no vio la participaci\u00f3n de Carlos <strong>Vela<\/strong>, pero si la de Diego <strong>Reyes<\/strong>, quien no pudo hacer nada ante la ca\u00edda de su equipo.<\/p>\n<p>Ese resultado obligaba a los de Eusebio Sacrist\u00e1n a sacar la victoria en el Municipal de Anoeta en el partido de vuelta, el d\u00eda de hoy. Pero un gol de Willian Jos\u00e9 al minuto 37, firm\u00f3 la debacle de los <em>Txuri-urdin, <\/em>sin importar que al 46\u00b4 Sergio Canales marcara el empate para los de San Sebasti\u00e1n. Carlos <strong>Vela<\/strong> ingres\u00f3 para la segunda parte; pero no pudo hacerse presente en las redes enemigas, mientras que <strong>Reyes<\/strong> no particip\u00f3.<\/p>\n<p style=\"text-align: center;\"><strong><span style=\"color: #3366ff;\"><a style=\"color: #3366ff;\" href=\"http:\/\/futboltotal.com.mx\/2015\/12\/ochoa-recibe-gol-en-su-primer-partido\/\">LEER M\u00c1S: Ochoa recibe dos goles en\u00a0Copa del Rey<\/a><\/span><\/strong><\/p>\n<p>Por su parte, Guillermo <strong>Ochoa<\/strong> parec\u00eda retomar la confianza, al ser asignado para los duelos de Copa del Rey con el M\u00e1laga, ante el Mirand\u00e9s de Segunda Divisi\u00f3n. El regreso del guardameta mexicano no fue el mejor en el partido de ida el 3 de diciembre, ya que tuvo que recoger en dos ocasiones el bal\u00f3n de sus redes, y caer por 2-1 con su club.<\/p>\n<p>La meta era la misma que sus compatriotas en la vuelta: ganar el partido en casa para clasificar a Octavos de Final. Lamentablemente, y a pesar de la lucha de los delanteros locales, un tanto de Lago Junior al 73\u00b4 sorprendi\u00f3 a los aficionados malague\u00f1os, y dej\u00f3 a\u00fan m\u00e1s cuesta arriba el objetivo. El tiempo ya no les dio a los locales, y tuvieron que ver como el boleto se quedaba con el Mirand\u00e9s.<\/p>\n<p>A los tres elementos aztecas solo les queda concentrarse de lleno en el campeonato de liga; donde <strong>Ochoa<\/strong> es el que menos posibilidades tiene de tener actividad, ya que Carlos Kameni es titular indiscutible con el M\u00e1laga y su regreso a la suplencia es m\u00e1s que inminente.<\/p>\n","protected":false},"excerpt":{"rendered":"<p>Ochoa, Vela y Reyes, eliminados del certamen copero<\/p>\n","protected":false},"author":20,"featured_media":323829,"comment_status":"closed","ping_status":"closed","sticky":false,"template":"","format":"standard","meta":[],"categories":[3839,5951],"tags":[96,2027,5367,2418],"_links":{"self":[{"href":"http:\/\/desarrollo.grupomedios.com\/futbol\/wp-json\/wp\/v2\/posts\/342846"}],"collection":[{"href":"http:\/\/desarrollo.grupomedios.com\/futbol\/wp-json\/wp\/v2\/posts"}],"about":[{"href":"http:\/\/desarrollo.grupomedios.com\/futbol\/wp-json\/wp\/v2\/types\/post"}],"author":[{"embeddable":true,"href":"http:\/\/desarrollo.grupomedios.com\/futbol\/wp-json\/wp\/v2\/users\/20"}],"replies":[{"embeddable":true,"href":"http:\/\/desarrollo.grupomedios.com\/futbol\/wp-json\/wp\/v2\/comments?post=342846"}],"version-history":[{"count":0,"href":"http:\/\/desarrollo.grupomedios.com\/futbol\/wp-json\/wp\/v2\/posts\/342846\/revisions"}],"wp:featuredmedia":[{"embeddable":true,"href":"http:\/\/desarrollo.grupomedios.com\/futbol\/wp-json\/wp\/v2\/media\/323829"}],"wp:attachment":[{"href":"http:\/\/desarrollo.grupomedios.com\/futbol\/wp-json\/wp\/v2\/media?parent=342846"}],"wp:term":[{"taxonomy":"category","embeddable":true,"href":"http:\/\/desarrollo.grupomedios.com\/futbol\/wp-json\/wp\/v2\/categories?post=342846"},{"taxonomy":"post_tag","embeddable":true,"href":"http:\/\/desarrollo.grupomedios.com\/futbol\/wp-json\/wp\/v2\/tags?post=342846"}],"curies":[{"name":"wp","href":"https:\/\/api.w.org\/{rel}","templated":true}]}}