{"id":342932,"date":"2015-12-16T21:13:36","date_gmt":"2015-12-17T03:13:36","guid":{"rendered":"http:\/\/futboltotal.com.mx\/?p=342932"},"modified":"2015-12-16T22:40:25","modified_gmt":"2015-12-17T04:40:25","slug":"angel-reyna-jugador-de-toluca","status":"publish","type":"post","link":"http:\/\/desarrollo.grupomedios.com\/futbol\/futbol-mexicano\/angel-reyna-jugador-de-toluca\/2015\/12","title":{"rendered":"\u00bf\u00c1ngel Reyna, nuevo jugador de Toluca?"},"content":{"rendered":"<p>En los \u00faltimos minutos ha trascendido que <strong>\u00c1ngel Reyna<\/strong> es nuevo jugador de los <a href=\"http:\/\/futboltotal.com.mx\/equipos\/toluca\/\"><i>Diablos Rojos<\/i> del <strong>Toluca<\/strong><\/a>. Seg\u00fan versiones de diversos medios, el pol\u00e9mico jugador, que fue separado del primer equipo de las Chivas durante el Apertura 2015, ha encontrado cabida en la entidad <em>escarlata<\/em>.<\/p>\n<p>En los \u00faltimos d\u00edas, se especul\u00f3 sobre la posibilidad de que <strong>\u00c1ngel Reyna<\/strong> recalar\u00eda en el Ascenso MX. Sin embargo, en las \u00faltimas horas ha crecido el rumor sobre la llegada del mediocampista mexicano al equipo de Jos\u00e9 Saturnino Cardozo, quien -se dice- conf\u00eda en que puede rescatarlo de la malaria que lo aqueja en cuanto a lesiones e indisciplinas.<\/p>\n<p style=\"text-align: center;\"><strong><a style=\"color: #3366ff;\" href=\"http:\/\/futboltotal.com.mx\/2015\/12\/en-vivo-draft-rumbo-al-clausura-2016\/\" target=\"_blank\">LEER M\u00c1S: EN VIVO |\u00a0DRAFT\u00a0rumbo al Clausura 2016<\/a><\/strong><\/p>\n<p>De confirmarse\u00a0-hasta el momento ni <strong>Toluca<\/strong> ni Chivas lo han hecho oficial-, <strong>\u00c1ngel Reyna<\/strong> aterrizar\u00e1 a la instituci\u00f3n mexiquense, que en el pr\u00f3ximo a\u00f1o deber\u00e1n de disputar tanto el\u00a0torneo local\u00a0como\u00a0la Copa Libertadores.<\/p>\n<p><span style=\"color: #ff0000;\">Veracruz tambi\u00e9n quiere a Reyna<\/span> | Por otra parte, durante\u00a0el DRAFT\u00a0de la Liga MX\u00a0que se lleva a cabo en las instalaciones de la FMF, el\u00a0propietario\u00a0de los <em>Tiburones Rojos<\/em> del Veracruz, Fidel Kuri, reconoci\u00f3\u00a0inter\u00e9s por <strong>\u00c1ngel Reyna<\/strong>.\u00a0&#8220;Es un jugador desorientado y desaprovechado&#8221;, dijo el dirigente sobre el pol\u00e9mico jugador, al tiempo que confirm\u00f3 que buscar\u00e1n su contrataci\u00f3n rumbo al <strong>Clausura 2016<\/strong>.<\/p>\n<p><span style=\"color: #ff0000;\"><strong>VIDEO<\/strong>: Lo bueno, lo malo y lo feo del Apertura 2015<\/span><\/p>\n<p>[video_player]https:\/\/player.vimeo.com\/external\/149085243.sd.mp4?s=99a2c96f209466eb8dbf0376e7ddbc4a59fd0739&amp;profile_id=112[\/video_player]<\/p>\n","protected":false},"excerpt":{"rendered":"<p>Hasta el momento, la contrataci\u00f3n no se ha hecho oficial<\/p>\n","protected":false},"author":20,"featured_media":315725,"comment_status":"closed","ping_status":"closed","sticky":false,"template":"","format":"standard","meta":[],"categories":[2198,3845],"tags":[1659,6458,5975],"_links":{"self":[{"href":"http:\/\/desarrollo.grupomedios.com\/futbol\/wp-json\/wp\/v2\/posts\/342932"}],"collection":[{"href":"http:\/\/desarrollo.grupomedios.com\/futbol\/wp-json\/wp\/v2\/posts"}],"about":[{"href":"http:\/\/desarrollo.grupomedios.com\/futbol\/wp-json\/wp\/v2\/types\/post"}],"author":[{"embeddable":true,"href":"http:\/\/desarrollo.grupomedios.com\/futbol\/wp-json\/wp\/v2\/users\/20"}],"replies":[{"embeddable":true,"href":"http:\/\/desarrollo.grupomedios.com\/futbol\/wp-json\/wp\/v2\/comments?post=342932"}],"version-history":[{"count":0,"href":"http:\/\/desarrollo.grupomedios.com\/futbol\/wp-json\/wp\/v2\/posts\/342932\/revisions"}],"wp:featuredmedia":[{"embeddable":true,"href":"http:\/\/desarrollo.grupomedios.com\/futbol\/wp-json\/wp\/v2\/media\/315725"}],"wp:attachment":[{"href":"http:\/\/desarrollo.grupomedios.com\/futbol\/wp-json\/wp\/v2\/media?parent=342932"}],"wp:term":[{"taxonomy":"category","embeddable":true,"href":"http:\/\/desarrollo.grupomedios.com\/futbol\/wp-json\/wp\/v2\/categories?post=342932"},{"taxonomy":"post_tag","embeddable":true,"href":"http:\/\/desarrollo.grupomedios.com\/futbol\/wp-json\/wp\/v2\/tags?post=342932"}],"curies":[{"name":"wp","href":"https:\/\/api.w.org\/{rel}","templated":true}]}}