{"id":343023,"date":"2015-12-17T10:11:30","date_gmt":"2015-12-17T16:11:30","guid":{"rendered":"http:\/\/futboltotal.com.mx\/?p=343023"},"modified":"2015-12-17T10:11:30","modified_gmt":"2015-12-17T16:11:30","slug":"borussia-dortmund-a-cuartos-de-copa-alemana","status":"publish","type":"post","link":"http:\/\/desarrollo.grupomedios.com\/futbol\/futbol-internacional\/borussia-dortmund-a-cuartos-de-copa-alemana\/2015\/12","title":{"rendered":"Borussia Dortmund avanza a Cuartos de Copa"},"content":{"rendered":"<p><strong>Borussia Dortmund<\/strong> cumpli\u00f3 con los pron\u00f3sticos y se meti\u00f3 a los cuartos de final en la<strong> Copa de Alemania<\/strong>, tras dar cuenta 2-0 del<strong> Augsburgo<\/strong>, en hostilidades celebradas este mi\u00e9rcoles en el campo de la WWK Arena.<\/p>\n<p>Una r\u00e1faga de dos goles en cinco minutos fue suficiente para que el BVB despachara al conjunto anfitri\u00f3n y se uniera a clubes como Bayern M\u00fanich, Bayer Leverkusen o Werder Bremen en la fase de los mejores ocho.<\/p>\n<p>Para abrir el tanteador apareci\u00f3 el goleador por excelencia del Borussia, el gabon\u00e9s Pierre Aubameyang, quien marc\u00f3 al minuto 61 e instantes m\u00e1s tarde, en el 66, el armenio Henrikh Mkhitaryan finiquit\u00f3 el tr\u00e1mite.<\/p>\n<p>De esta manera, los pupilos de Thomas Tuchel rompieron el encanto que rodeaba a sus oponentes, quienes en una semana obtuvieron un dram\u00e1tico pase a los dieciseisavos de final en la Europa League y adem\u00e1s abandonaron la zona de descenso que ocupaban en la Liga.<\/p>\n<p>Junto al BVB, este d\u00eda tambi\u00e9n consiguieron boleto para la pr\u00f3xima instancia el Hertha Berl\u00edn, Stuttgart (en tiempo extra) y Bochum, franquicia que juega en la Segunda Divisi\u00f3n del balompi\u00e9 germano.<br \/>\n<iframe loading=\"lazy\" src=\"https:\/\/www.youtube.com\/embed\/KFTMtWfdtFs\" frameborder=\"0\" allowfullscreen=\"allowfullscreen\"><\/iframe><\/p>\n","protected":false},"excerpt":{"rendered":"<p>Aubameyang y MKhytarian firmaron los goles ante el Augsburgo<\/p>\n","protected":false},"author":20,"featured_media":343039,"comment_status":"closed","ping_status":"closed","sticky":false,"template":"","format":"standard","meta":[],"categories":[3839,5951],"tags":[6047,6401,118],"_links":{"self":[{"href":"http:\/\/desarrollo.grupomedios.com\/futbol\/wp-json\/wp\/v2\/posts\/343023"}],"collection":[{"href":"http:\/\/desarrollo.grupomedios.com\/futbol\/wp-json\/wp\/v2\/posts"}],"about":[{"href":"http:\/\/desarrollo.grupomedios.com\/futbol\/wp-json\/wp\/v2\/types\/post"}],"author":[{"embeddable":true,"href":"http:\/\/desarrollo.grupomedios.com\/futbol\/wp-json\/wp\/v2\/users\/20"}],"replies":[{"embeddable":true,"href":"http:\/\/desarrollo.grupomedios.com\/futbol\/wp-json\/wp\/v2\/comments?post=343023"}],"version-history":[{"count":0,"href":"http:\/\/desarrollo.grupomedios.com\/futbol\/wp-json\/wp\/v2\/posts\/343023\/revisions"}],"wp:featuredmedia":[{"embeddable":true,"href":"http:\/\/desarrollo.grupomedios.com\/futbol\/wp-json\/wp\/v2\/media\/343039"}],"wp:attachment":[{"href":"http:\/\/desarrollo.grupomedios.com\/futbol\/wp-json\/wp\/v2\/media?parent=343023"}],"wp:term":[{"taxonomy":"category","embeddable":true,"href":"http:\/\/desarrollo.grupomedios.com\/futbol\/wp-json\/wp\/v2\/categories?post=343023"},{"taxonomy":"post_tag","embeddable":true,"href":"http:\/\/desarrollo.grupomedios.com\/futbol\/wp-json\/wp\/v2\/tags?post=343023"}],"curies":[{"name":"wp","href":"https:\/\/api.w.org\/{rel}","templated":true}]}}