{"id":343073,"date":"2015-12-17T12:42:17","date_gmt":"2015-12-17T18:42:17","guid":{"rendered":"http:\/\/futboltotal.com.mx\/?p=343073"},"modified":"2015-12-17T12:44:46","modified_gmt":"2015-12-17T18:44:46","slug":"mls-destino-de-angel-reyna","status":"publish","type":"post","link":"http:\/\/desarrollo.grupomedios.com\/futbol\/futbol-mexicano\/mls-destino-de-angel-reyna\/2015\/12","title":{"rendered":"MLS\u2026 \u00bfDestino de \u00c1ngel Reyna?"},"content":{"rendered":"<p>Las intenciones de <strong>\u00c1ngel Reyna<\/strong> de poder vestir una nueva playera para este Clausura 2016 poco a poco se van desvaneciendo. Al a\u00fan jugador de las <strong><em>Chivas<\/em><\/strong> de Guadalajara no se le encontr\u00f3 acomodo en el R\u00e9gimen de Transferencias, por lo que sus opciones para jugar ya no se encontrar\u00edan en el pa\u00eds.<\/p>\n<p>El director deportivo del conjunto del chiver\u00edo, <strong>Jaime Ordiales<\/strong>, declar\u00f3 que estuvo en pl\u00e1ticas con algunos clubes de la Liga MX, pero no pudo llegar a alg\u00fan acuerdo, por lo que las opciones para el ex delantero de las \u00c1guilas del Am\u00e9rica ahora se podr\u00edan concentrar en el extranjero, con la Mayor League Soccer (<strong>MLS<\/strong>) como una de las opciones fuertes<\/p>\n<p style=\"text-align: center;\"><strong><span style=\"color: #3366ff;\"><a style=\"color: #3366ff;\" href=\"http:\/\/futboltotal.com.mx\/2015\/12\/angel-reyna-jugador-de-toluca\/\">LEER M\u00c1S: \u00bf\u00c1ngel Reyna, nuevo jugador del Toluca?<\/a><\/span><\/strong><\/p>\n<p>\u201cNo se pudo colocar a \u00c1ngel. Estuvimos en pl\u00e1ticas con Toluca, pero al final no se realiz\u00f3 la operaci\u00f3n y por ahora se queda en Chivas. Intentaremos ver opciones en el extranjero\u201d, coment\u00f3 Ordiales.<\/p>\n<p>Jos\u00e9 Cardozo, entrenador del conjunto choricero hab\u00eda manifestado inter\u00e9s en contar en sus filas con el tambi\u00e9n internacional mexicano. De igual forma, Fidel Kuri propietario de los Tiburones Rojos del Veracruz reconoci\u00f3 deseos\u00a0por el fichaje de Reyna, argumentando que \u201cEs un jugador desorientado y desaprovechado\u201d, y por eso quer\u00eda reunirlo de nuevo con Carlos Reinoso, pero ninguno de los acercamientos pudo trascender, y ahora,\u00a0<strong>\u00c1ngel Reyna<\/strong> tendr\u00e1 que esperar para conocer su futuro.<\/p>\n","protected":false},"excerpt":{"rendered":"<p>No pudieron colocar al delantero en la Liga MX. El futbol extranjero es la siguiente opci\u00f3n<\/p>\n","protected":false},"author":20,"featured_media":343074,"comment_status":"closed","ping_status":"closed","sticky":false,"template":"","format":"standard","meta":[],"categories":[2198,3845,5950],"tags":[1659,70,5975],"_links":{"self":[{"href":"http:\/\/desarrollo.grupomedios.com\/futbol\/wp-json\/wp\/v2\/posts\/343073"}],"collection":[{"href":"http:\/\/desarrollo.grupomedios.com\/futbol\/wp-json\/wp\/v2\/posts"}],"about":[{"href":"http:\/\/desarrollo.grupomedios.com\/futbol\/wp-json\/wp\/v2\/types\/post"}],"author":[{"embeddable":true,"href":"http:\/\/desarrollo.grupomedios.com\/futbol\/wp-json\/wp\/v2\/users\/20"}],"replies":[{"embeddable":true,"href":"http:\/\/desarrollo.grupomedios.com\/futbol\/wp-json\/wp\/v2\/comments?post=343073"}],"version-history":[{"count":0,"href":"http:\/\/desarrollo.grupomedios.com\/futbol\/wp-json\/wp\/v2\/posts\/343073\/revisions"}],"wp:featuredmedia":[{"embeddable":true,"href":"http:\/\/desarrollo.grupomedios.com\/futbol\/wp-json\/wp\/v2\/media\/343074"}],"wp:attachment":[{"href":"http:\/\/desarrollo.grupomedios.com\/futbol\/wp-json\/wp\/v2\/media?parent=343073"}],"wp:term":[{"taxonomy":"category","embeddable":true,"href":"http:\/\/desarrollo.grupomedios.com\/futbol\/wp-json\/wp\/v2\/categories?post=343073"},{"taxonomy":"post_tag","embeddable":true,"href":"http:\/\/desarrollo.grupomedios.com\/futbol\/wp-json\/wp\/v2\/tags?post=343073"}],"curies":[{"name":"wp","href":"https:\/\/api.w.org\/{rel}","templated":true}]}}