{"id":343101,"date":"2015-12-17T13:59:05","date_gmt":"2015-12-17T19:59:05","guid":{"rendered":"http:\/\/futboltotal.com.mx\/?p=343101"},"modified":"2015-12-17T14:08:24","modified_gmt":"2015-12-17T20:08:24","slug":"angel-reyna-le-dijo-no-a-dorados","status":"publish","type":"post","link":"http:\/\/desarrollo.grupomedios.com\/futbol\/futbol-mexicano\/angel-reyna-le-dijo-no-a-dorados\/2015\/12","title":{"rendered":"\u00c1ngel Reyna rechaz\u00f3 equipo en la Liga MX"},"content":{"rendered":"<p>El hecho de que <strong>\u00c1ngel Reyna<\/strong> se quede sin jugar en la Liga MX no es precisamente por falta de inter\u00e9s de alg\u00fan club. Adem\u00e1s del deseo del Toluca y Veracruz de hacerse de sus servicios (negociaciones que no llegaron a buen puerto) hubo otro club que mostr\u00f3 inter\u00e9s por incorporarlo, pero en este caso fue el mexicano el que decidi\u00f3 declinar la oferta.<\/p>\n<p>En un mensaje dado a conocer en su cuenta oficial de <em>Twitter<\/em>, el a\u00fan elemento de las Chivas de Guadalajara se mostr\u00f3 agradecido con el Toluca y con Veracruz por su inter\u00e9s por adquirirlo, y lament\u00f3\u00a0el fracaso de las respectivas negociaciones.<\/p>\n<p>Adem\u00e1s, en la publicaci\u00f3n, dedic\u00f3 unas l\u00edneas al conjunto de los <strong>Dorados<\/strong> de Sinaloa, y en concreto a <strong>Jorge Hank Rhon<\/strong>, due\u00f1o del conjunto sinaloense, agradeciendo el inter\u00e9s para su fichaje, pero dejando en claro que el equipo del <em>Gran Pez<\/em>, no entra en la \u00f3rbita de Reyna.<\/p>\n<blockquote class=\"twitter-tweet\" width=\"500\">\n<p lang=\"es\" dir=\"ltr\">A descansar en paz q todo pasa por algo! ????? <a href=\"https:\/\/t.co\/H5Ad4GwzRg\">pic.twitter.com\/H5Ad4GwzRg<\/a><\/p>\n<p>&mdash; Angel Reyna (@AngelReynaFut) <a href=\"https:\/\/twitter.com\/AngelReynaFut\/status\/677368497408577536\">December 17, 2015<\/a><\/p><\/blockquote>\n<p><script async src=\"\/\/platform.twitter.com\/widgets.js\" charset=\"utf-8\"><\/script><\/p>\n<p style=\"text-align: center;\"><strong><span style=\"color: #3366ff;\"><a style=\"color: #3366ff;\" href=\"http:\/\/futboltotal.com.mx\/2015\/12\/mls-destino-de-angel-reyna\/\">LEER M\u00c1S: MLS&#8230; \u00bfDestino de \u00c1ngel Reyna?<\/a><\/span><\/strong><\/p>\n<p>Jaime Ordiales, director deportivo de las Chivas de Guadalajara le busc\u00f3 un lugar a <strong>\u00c1ngel Reyna<\/strong>, en el R\u00e9gimen de Transferencias, desarrollado\u00a0hace unas horas. Para el lamento del jugador, no le pudieron encontrar un sitio en la Liga MX, y su opci\u00f3n tendr\u00e1 que ser el futbol en el extranjero.<\/p>\n","protected":false},"excerpt":{"rendered":"<p>El delantero descart\u00f3 una opci\u00f3n de jugar para el Clausura 2016<\/p>\n","protected":false},"author":20,"featured_media":343105,"comment_status":"closed","ping_status":"closed","sticky":false,"template":"","format":"standard","meta":[],"categories":[2198,3845,5950],"tags":[1659,759,5975,6049],"_links":{"self":[{"href":"http:\/\/desarrollo.grupomedios.com\/futbol\/wp-json\/wp\/v2\/posts\/343101"}],"collection":[{"href":"http:\/\/desarrollo.grupomedios.com\/futbol\/wp-json\/wp\/v2\/posts"}],"about":[{"href":"http:\/\/desarrollo.grupomedios.com\/futbol\/wp-json\/wp\/v2\/types\/post"}],"author":[{"embeddable":true,"href":"http:\/\/desarrollo.grupomedios.com\/futbol\/wp-json\/wp\/v2\/users\/20"}],"replies":[{"embeddable":true,"href":"http:\/\/desarrollo.grupomedios.com\/futbol\/wp-json\/wp\/v2\/comments?post=343101"}],"version-history":[{"count":0,"href":"http:\/\/desarrollo.grupomedios.com\/futbol\/wp-json\/wp\/v2\/posts\/343101\/revisions"}],"wp:featuredmedia":[{"embeddable":true,"href":"http:\/\/desarrollo.grupomedios.com\/futbol\/wp-json\/wp\/v2\/media\/343105"}],"wp:attachment":[{"href":"http:\/\/desarrollo.grupomedios.com\/futbol\/wp-json\/wp\/v2\/media?parent=343101"}],"wp:term":[{"taxonomy":"category","embeddable":true,"href":"http:\/\/desarrollo.grupomedios.com\/futbol\/wp-json\/wp\/v2\/categories?post=343101"},{"taxonomy":"post_tag","embeddable":true,"href":"http:\/\/desarrollo.grupomedios.com\/futbol\/wp-json\/wp\/v2\/tags?post=343101"}],"curies":[{"name":"wp","href":"https:\/\/api.w.org\/{rel}","templated":true}]}}