{"id":343128,"date":"2015-12-17T15:12:37","date_gmt":"2015-12-17T21:12:37","guid":{"rendered":"http:\/\/futboltotal.com.mx\/?p=343128"},"modified":"2015-12-17T15:29:12","modified_gmt":"2015-12-17T21:29:12","slug":"vuelve-dorados-a-errar-en-sus-contrataciones","status":"publish","type":"post","link":"http:\/\/desarrollo.grupomedios.com\/futbol\/futbol-mexicano\/vuelve-dorados-a-errar-en-sus-contrataciones\/2015\/12","title":{"rendered":"\u00bfVuelve Dorados a errar en sus contrataciones?"},"content":{"rendered":"<p>Para <a href=\"http:\/\/futboltotal.com.mx\/equipos\/dorados-de-sinaloa\/\" target=\"_blank\"><strong>Dorados<\/strong><\/a>, el Clausura 2016 \u201ccomenz\u00f3\u201d con incertidumbre, porque en el armado del equipo se hicieron de seis contrataciones que si bien no est\u00e1n en duda las calidades de las que gozan los jugadores, s\u00ed causan preocupaci\u00f3n en su afici\u00f3n porque se tratan de elementos que mayormente vienen a la baja.<\/p>\n<p><span style=\"color: #ff0000;\">Alfredo Moreno<\/span> | S\u00f3lo particip\u00f3 en cinco partidos en los cuales sum\u00f3 132 minutos sin poder anotar, por ello el <em>Chango<\/em> acept\u00f3 que fue de los momentos m\u00e1s dif\u00edciles de su trayectoria. \u201cEn lo personal no jugu\u00e9 mucho, uno tiene que asumir las responsabilidades, tenemos que meter el pecho. Para m\u00ed este es el peor momento desde que he estado en <em>Xolos<\/em>\u201d, confes\u00f3 el delantero en octubre pasado.<\/p>\n<p style=\"text-align: center;\"><span style=\"color: #3366ff;\"><a style=\"color: #3366ff;\" href=\"http:\/\/futboltotal.com.mx\/2015\/12\/en-vivo-draft-rumbo-al-clausura-2016\/\" target=\"_blank\"><strong>LEER M\u00c1S: Draft rumbo al Clausura 2016<\/strong><\/a><\/span><\/p>\n<p><span style=\"color: #ff0000;\">Severo Meza<\/span> | El defensa no logr\u00f3 recuperar la confianza de Antonio Mohamed, a sus 29 a\u00f1os de edad, el zaguero vio casi todo el Apertura 2015 desde la banca, pues en Monterrey particip\u00f3 en cinco duelos de liga (247 minutos).<\/p>\n<p><span style=\"color: #ff0000;\">Joe Corona<\/span> | Con Veracruz tuvo una participaci\u00f3n irregular (392 minutos), la \u00fanica jornada en la que estuvo como titular fue en la tercera donde los <em>Tiburones Rojos<\/em> vencieron 2-1 al Chiapas. Por si fuera poco, desde la octava fecha hasta el final del torneo entr\u00f3 de cambio en tres ocasiones.<\/p>\n<p><a href=\"http:\/\/futboltotal.com.mx\/wp-content\/uploads\/2015\/12\/dorados-fichajes-draft.jpg\"><img decoding=\"async\" loading=\"lazy\" class=\"alignnone size-full wp-image-343131\" src=\"http:\/\/futboltotal.com.mx\/wp-content\/uploads\/2015\/12\/dorados-fichajes-draft.jpg\" alt=\"dorados-fichajes-draft\" srcset=\"http:\/\/desarrollo.grupomedios.com\/futbol\/wp-content\/uploads\/2015\/12\/dorados-fichajes-draft.jpg 820w, http:\/\/desarrollo.grupomedios.com\/futbol\/wp-content\/uploads\/2015\/12\/dorados-fichajes-draft-300x110.jpg 300w\" sizes=\"(max-width: 820px) 100vw, 820px\" \/><\/a><\/p>\n<p><span style=\"color: #ff0000;\">Wilson Tiago<\/span> | De las contrataciones que hizo <strong>Dorados<\/strong> en el mercado mexicano, el brasile\u00f1o es el que llega en mejor momento (711 minutos), no obstante, en la recta final del semestre (fecha 12) baj\u00f3 su rendimiento y por ende no entr\u00f3 en los planes del Quer\u00e9taro.<\/p>\n<p><span style=\"color: #ff0000;\">Yimmi Char\u00e1<\/span> | El colombiano retom\u00f3 un nivel \u00f3ptimo en su pa\u00eds, ya que sum\u00f3 cinco anotaciones en 2,025 minutos con Atl\u00e9tico Nacional. El problema es que su breve experiencia en M\u00e9xico (Clausura 2015) fue amarga, ya que en Monterrey decepcion\u00f3 a propios y extra\u00f1os.<\/p>\n<p><span style=\"color: #ff0000;\">Wilson Morelo<\/span> | Es el \u00fanico que rompe el molde, porque el delantero <em>cafetero<\/em> era el romperredes de Santa Fe gracias a sus 12 anotaciones 1,892 minutos, cuota que super\u00f3 la del 2014 donde hizo 10 dianas.<\/p>\n<p>\u00bfSufrir\u00e1 <strong>Dorados<\/strong> en el Clausura 2016?, o \u00bflograr\u00e1 eludir el descenso el pr\u00f3ximo a\u00f1o?<\/p>\n<p><span style=\"color: #ff0000;\">VIDEO: Lecciones de Star Wars aplicadas a la Liga MX<\/span><\/p>\n<p>[video_player]https:\/\/player.vimeo.com\/external\/149288424.sd.mp4?s=27348176cf720a3b807ad290d6bf36fbfbd640f8&amp;profile_id=112[\/video_player]<\/p>\n","protected":false},"excerpt":{"rendered":"<p>El Gran Pez se hizo de jugadores que vienen a la baja <\/p>\n","protected":false},"author":20,"featured_media":343130,"comment_status":"closed","ping_status":"closed","sticky":false,"template":"","format":"standard","meta":[],"categories":[2198,3845,5950],"tags":[759,3749],"_links":{"self":[{"href":"http:\/\/desarrollo.grupomedios.com\/futbol\/wp-json\/wp\/v2\/posts\/343128"}],"collection":[{"href":"http:\/\/desarrollo.grupomedios.com\/futbol\/wp-json\/wp\/v2\/posts"}],"about":[{"href":"http:\/\/desarrollo.grupomedios.com\/futbol\/wp-json\/wp\/v2\/types\/post"}],"author":[{"embeddable":true,"href":"http:\/\/desarrollo.grupomedios.com\/futbol\/wp-json\/wp\/v2\/users\/20"}],"replies":[{"embeddable":true,"href":"http:\/\/desarrollo.grupomedios.com\/futbol\/wp-json\/wp\/v2\/comments?post=343128"}],"version-history":[{"count":0,"href":"http:\/\/desarrollo.grupomedios.com\/futbol\/wp-json\/wp\/v2\/posts\/343128\/revisions"}],"wp:featuredmedia":[{"embeddable":true,"href":"http:\/\/desarrollo.grupomedios.com\/futbol\/wp-json\/wp\/v2\/media\/343130"}],"wp:attachment":[{"href":"http:\/\/desarrollo.grupomedios.com\/futbol\/wp-json\/wp\/v2\/media?parent=343128"}],"wp:term":[{"taxonomy":"category","embeddable":true,"href":"http:\/\/desarrollo.grupomedios.com\/futbol\/wp-json\/wp\/v2\/categories?post=343128"},{"taxonomy":"post_tag","embeddable":true,"href":"http:\/\/desarrollo.grupomedios.com\/futbol\/wp-json\/wp\/v2\/tags?post=343128"}],"curies":[{"name":"wp","href":"https:\/\/api.w.org\/{rel}","templated":true}]}}