{"id":343162,"date":"2015-12-17T18:11:37","date_gmt":"2015-12-18T00:11:37","guid":{"rendered":"http:\/\/futboltotal.com.mx\/?p=343162"},"modified":"2015-12-17T18:11:38","modified_gmt":"2015-12-18T00:11:38","slug":"top-5-los-mejores-defensas-mexicanos","status":"publish","type":"post","link":"http:\/\/desarrollo.grupomedios.com\/futbol\/videos\/top-5-los-mejores-defensas-mexicanos\/2015\/12","title":{"rendered":"Top 5 | Los mejores defensas mexicanos"},"content":{"rendered":"<p>M\u00e9xico es especialista en formar grandes futbolistas de la primera l\u00ednea del campo, pues porteros y defensas son los que m\u00e1s se producen y sobresalen.\u00a0En <strong>Futbol Total<\/strong> presentamos a los <strong>cinco mejores defensas mexicanos de la historia<\/strong>.<\/p>\n<p>En ese sentido, valga\u00a0recordar al\u00a0eterno capit\u00e1n <em>tricolor<\/em>:\u00a0<strong>Claudio Su\u00e1rez<\/strong>, quien este mi\u00e9rcoles 17 de diciembre cumple 47 a\u00f1os.<\/p>\n<p>[video_player]https:\/\/player.vimeo.com\/external\/149344469.hd.mp4?s=c1bfa98f1f83217e00454875b88c2c9e81eda2f4&amp;profile_id=113[\/video_player]<\/p>\n","protected":false},"excerpt":{"rendered":"<p>El cumplea\u00f1ero Claudio Su\u00e1rez aparece en el singular cat\u00e1logo<\/p>\n","protected":false},"author":20,"featured_media":343165,"comment_status":"closed","ping_status":"closed","sticky":false,"template":"","format":"standard","meta":[],"categories":[2198,4],"tags":[762,64,2844],"_links":{"self":[{"href":"http:\/\/desarrollo.grupomedios.com\/futbol\/wp-json\/wp\/v2\/posts\/343162"}],"collection":[{"href":"http:\/\/desarrollo.grupomedios.com\/futbol\/wp-json\/wp\/v2\/posts"}],"about":[{"href":"http:\/\/desarrollo.grupomedios.com\/futbol\/wp-json\/wp\/v2\/types\/post"}],"author":[{"embeddable":true,"href":"http:\/\/desarrollo.grupomedios.com\/futbol\/wp-json\/wp\/v2\/users\/20"}],"replies":[{"embeddable":true,"href":"http:\/\/desarrollo.grupomedios.com\/futbol\/wp-json\/wp\/v2\/comments?post=343162"}],"version-history":[{"count":0,"href":"http:\/\/desarrollo.grupomedios.com\/futbol\/wp-json\/wp\/v2\/posts\/343162\/revisions"}],"wp:featuredmedia":[{"embeddable":true,"href":"http:\/\/desarrollo.grupomedios.com\/futbol\/wp-json\/wp\/v2\/media\/343165"}],"wp:attachment":[{"href":"http:\/\/desarrollo.grupomedios.com\/futbol\/wp-json\/wp\/v2\/media?parent=343162"}],"wp:term":[{"taxonomy":"category","embeddable":true,"href":"http:\/\/desarrollo.grupomedios.com\/futbol\/wp-json\/wp\/v2\/categories?post=343162"},{"taxonomy":"post_tag","embeddable":true,"href":"http:\/\/desarrollo.grupomedios.com\/futbol\/wp-json\/wp\/v2\/tags?post=343162"}],"curies":[{"name":"wp","href":"https:\/\/api.w.org\/{rel}","templated":true}]}}